{"id":8604,"date":"2026-09-04T09:00:21","date_gmt":"2026-09-04T09:00:21","guid":{"rendered":"https:\/\/suportaldol.org\/10-de-setembre-acte-dhomenatge-a-les-victimes-i-families-supervivents\/"},"modified":"2026-09-04T09:04:52","modified_gmt":"2026-09-04T09:04:52","slug":"10-de-setembre-acte-dhomenatge-a-les-victimes-i-families-supervivents","status":"publish","type":"post","link":"https:\/\/suportaldol.org\/es\/10-de-setembre-acte-dhomenatge-a-les-victimes-i-families-supervivents\/","title":{"rendered":"10 DE SETEMBRE | ACTE D\u2019HOMENATGE A LES V\u00cdCTIMES I FAM\u00cdLIES SUPERVIVENTS"},"content":{"rendered":"\n<p class=\"wp-block-paragraph\"><\/p>\n\n<p class=\"wp-block-paragraph\">Hi ha dies per recordar. I dies per ser-hi. <\/p>\n\n<p class=\"wp-block-paragraph\">Amb motiu del Dia Mundial per a la Prevenci\u00f3 del Su\u00efcidi, ens trobarem a Lleida en un acte d\u2019homenatge a les v\u00edctimes i a les fam\u00edlies supervivents. Un espai per recordar, escoltar, compartir i fer visible que, davant del patiment, no podem mirar cap a una altra banda. <\/p>\n\n<p class=\"wp-block-paragraph\"><img decoding=\"async\" height=\"16\" width=\"16\" alt=\"&#x1F4C5;\" src=\"https:\/\/static.xx.fbcdn.net\/images\/emoji.php\/v9\/t7e\/1\/16\/1f4c5.png\"\/> 10 de setembre<\/p>\n\n<p class=\"wp-block-paragraph\"><img decoding=\"async\" height=\"16\" width=\"16\" alt=\"&#x1F555;\" src=\"https:\/\/static.xx.fbcdn.net\/images\/emoji.php\/v9\/t2d\/1\/16\/1f555.png\"\/> De 18.00 a 20.00 h<\/p>\n\n<p class=\"wp-block-paragraph\"><img decoding=\"async\" height=\"16\" width=\"16\" alt=\"&#x1F4CD;\" src=\"https:\/\/static.xx.fbcdn.net\/images\/emoji.php\/v9\/t2d\/1\/16\/1f4cd.png\"\/> Pla\u00e7a de Ricard Vinyes \u00b7 Lleida<\/p>\n\n<p class=\"wp-block-paragraph\">Durant l\u2019acte compartirem la lectura del manifest, testimonis de persones afectades, poemes, una actuaci\u00f3 art\u00edstica i un espai d\u2019homenatge. Tamb\u00e9 podr\u00e0s rec\u00f3rrer la instal\u00b7laci\u00f3 interactiva \u00abEl cam\u00ed de la prevenci\u00f3\u00bb, una proposta per apropar-nos a la realitat de la conducta su\u00efcida i, sobretot, als camins que poden ajudar a prevenir-la. <\/p>\n\n<p class=\"wp-block-paragraph\"><img loading=\"lazy\" decoding=\"async\" height=\"16\" width=\"16\" alt=\"&#x1F49B;\" src=\"https:\/\/static.xx.fbcdn.net\/images\/emoji.php\/v9\/t15\/1\/16\/1f49b.png\"\/> Marca el 10 de setembre al teu calendari.<\/p>\n\n<p class=\"wp-block-paragraph\"><img loading=\"lazy\" decoding=\"async\" height=\"16\" width=\"16\" alt=\"&#x1F49B;\" src=\"https:\/\/static.xx.fbcdn.net\/images\/emoji.php\/v9\/t15\/1\/16\/1f49b.png\"\/> Vine. Participa. Escolta. Acompanya.   <\/p>\n\n<p class=\"wp-block-paragraph\"><img loading=\"lazy\" decoding=\"async\" height=\"16\" width=\"16\" alt=\"&#x1F49B;\" src=\"https:\/\/static.xx.fbcdn.net\/images\/emoji.php\/v9\/t15\/1\/16\/1f49b.png\"\/> I ajuda\u2019ns a fer arribar aquest missatge compartint aquesta publicaci\u00f3.<\/p>\n\n<p class=\"wp-block-paragraph\">La prevenci\u00f3 \u00e9s una responsabilitat compartida. Tots hi podem tenir un paper. <\/p>\n\n<p class=\"wp-block-paragraph\">No miris cap a una altra banda. Escolta. Acompanya. Actua.   <\/p>\n\n<p class=\"wp-block-paragraph\"><\/p>\n","protected":false},"excerpt":{"rendered":"<p>Hi ha dies per recordar. I dies per ser-hi. Amb motiu del Dia Mundial per a la Prevenci\u00f3 del Su\u00efcidi, ens trobarem a Lleida en un acte d\u2019homenatge a les v\u00edctimes i a les fam\u00edlies supervivents. Un espai per recordar, escoltar, compartir i fer visible que, davant del patiment, no podem mirar cap a una [&hellip;]<\/p>\n","protected":false},"author":2,"featured_media":8603,"comment_status":"open","ping_status":"open","sticky":false,"template":"","format":"standard","meta":{"footnotes":""},"categories":[1],"tags":[74],"class_list":["post-8604","post","type-post","status-publish","format-standard","has-post-thumbnail","hentry","category-sin-categoria","tag-noticias"],"yoast_head":"<!-- This site is optimized with the Yoast SEO plugin v26.1.1 - https:\/\/yoast.com\/wordpress\/plugins\/seo\/ -->\n<title>10 DE SETEMBRE | ACTE D\u2019HOMENATGE A LES V\u00cdCTIMES I FAM\u00cdLIES SUPERVIVENTS | Suport al dol<\/title>\n<meta name=\"robots\" content=\"index, follow, max-snippet:-1, max-image-preview:large, max-video-preview:-1\" \/>\n<link rel=\"canonical\" href=\"https:\/\/suportaldol.org\/es\/10-de-setembre-acte-dhomenatge-a-les-victimes-i-families-supervivents\/\" \/>\n<meta property=\"og:locale\" content=\"es_ES\" \/>\n<meta property=\"og:type\" content=\"article\" \/>\n<meta property=\"og:title\" content=\"10 DE SETEMBRE | ACTE D\u2019HOMENATGE A LES V\u00cdCTIMES I FAM\u00cdLIES SUPERVIVENTS | Suport al dol\" \/>\n<meta property=\"og:description\" content=\"Hi ha dies per recordar. I dies per ser-hi. Amb motiu del Dia Mundial per a la Prevenci\u00f3 del Su\u00efcidi, ens trobarem a Lleida en un acte d\u2019homenatge a les v\u00edctimes i a les fam\u00edlies supervivents. Un espai per recordar, escoltar, compartir i fer visible que, davant del patiment, no podem mirar cap a una [&hellip;]\" \/>\n<meta property=\"og:url\" content=\"https:\/\/suportaldol.org\/es\/10-de-setembre-acte-dhomenatge-a-les-victimes-i-families-supervivents\/\" \/>\n<meta property=\"og:site_name\" content=\"Suport al dol\" \/>\n<meta property=\"article:publisher\" content=\"https:\/\/www.facebook.com\/suportaldol\/?locale=ca_ES\" \/>\n<meta property=\"article:published_time\" content=\"2026-09-04T09:00:21+00:00\" \/>\n<meta property=\"article:modified_time\" content=\"2026-09-04T09:04:52+00:00\" \/>\n<meta property=\"og:image\" content=\"https:\/\/suportaldol.org\/wp-content\/uploads\/2026\/09\/lleida-4.png\" \/>\n\t<meta property=\"og:image:width\" content=\"1080\" \/>\n\t<meta property=\"og:image:height\" content=\"1350\" \/>\n\t<meta property=\"og:image:type\" content=\"image\/png\" \/>\n<meta name=\"author\" content=\"Suport al Dol\" \/>\n<meta name=\"twitter:card\" content=\"summary_large_image\" \/>\n<meta name=\"twitter:creator\" content=\"@suportaldol\" \/>\n<meta name=\"twitter:site\" content=\"@suportaldol\" \/>\n<meta name=\"twitter:label1\" content=\"Escrito por\" \/>\n\t<meta name=\"twitter:data1\" content=\"Suport al Dol\" \/>\n\t<meta name=\"twitter:label2\" content=\"Tiempo de lectura\" \/>\n\t<meta name=\"twitter:data2\" content=\"1 minuto\" \/>\n<script type=\"application\/ld+json\" class=\"yoast-schema-graph\">{\"@context\":\"https:\/\/schema.org\",\"@graph\":[{\"@type\":\"Article\",\"@id\":\"https:\/\/suportaldol.org\/es\/10-de-setembre-acte-dhomenatge-a-les-victimes-i-families-supervivents\/#article\",\"isPartOf\":{\"@id\":\"https:\/\/suportaldol.org\/es\/10-de-setembre-acte-dhomenatge-a-les-victimes-i-families-supervivents\/\"},\"author\":{\"name\":\"Suport al Dol\",\"@id\":\"https:\/\/suportaldol.org\/#\/schema\/person\/899940d74c311187e8e6e8928a195857\"},\"headline\":\"10 DE SETEMBRE | ACTE D\u2019HOMENATGE A LES V\u00cdCTIMES I FAM\u00cdLIES SUPERVIVENTS\",\"datePublished\":\"2026-09-04T09:00:21+00:00\",\"dateModified\":\"2026-09-04T09:04:52+00:00\",\"mainEntityOfPage\":{\"@id\":\"https:\/\/suportaldol.org\/es\/10-de-setembre-acte-dhomenatge-a-les-victimes-i-families-supervivents\/\"},\"wordCount\":186,\"commentCount\":0,\"publisher\":{\"@id\":\"https:\/\/suportaldol.org\/#organization\"},\"image\":{\"@id\":\"https:\/\/suportaldol.org\/es\/10-de-setembre-acte-dhomenatge-a-les-victimes-i-families-supervivents\/#primaryimage\"},\"thumbnailUrl\":\"https:\/\/suportaldol.org\/wp-content\/uploads\/2026\/09\/lleida-4.png\",\"keywords\":[\"Noticias\"],\"inLanguage\":\"es\",\"potentialAction\":[{\"@type\":\"CommentAction\",\"name\":\"Comment\",\"target\":[\"https:\/\/suportaldol.org\/es\/10-de-setembre-acte-dhomenatge-a-les-victimes-i-families-supervivents\/#respond\"]}]},{\"@type\":\"WebPage\",\"@id\":\"https:\/\/suportaldol.org\/es\/10-de-setembre-acte-dhomenatge-a-les-victimes-i-families-supervivents\/\",\"url\":\"https:\/\/suportaldol.org\/es\/10-de-setembre-acte-dhomenatge-a-les-victimes-i-families-supervivents\/\",\"name\":\"10 DE SETEMBRE | ACTE D\u2019HOMENATGE A LES V\u00cdCTIMES I FAM\u00cdLIES SUPERVIVENTS | Suport al dol\",\"isPartOf\":{\"@id\":\"https:\/\/suportaldol.org\/#website\"},\"primaryImageOfPage\":{\"@id\":\"https:\/\/suportaldol.org\/es\/10-de-setembre-acte-dhomenatge-a-les-victimes-i-families-supervivents\/#primaryimage\"},\"image\":{\"@id\":\"https:\/\/suportaldol.org\/es\/10-de-setembre-acte-dhomenatge-a-les-victimes-i-families-supervivents\/#primaryimage\"},\"thumbnailUrl\":\"https:\/\/suportaldol.org\/wp-content\/uploads\/2026\/09\/lleida-4.png\",\"datePublished\":\"2026-09-04T09:00:21+00:00\",\"dateModified\":\"2026-09-04T09:04:52+00:00\",\"breadcrumb\":{\"@id\":\"https:\/\/suportaldol.org\/es\/10-de-setembre-acte-dhomenatge-a-les-victimes-i-families-supervivents\/#breadcrumb\"},\"inLanguage\":\"es\",\"potentialAction\":[{\"@type\":\"ReadAction\",\"target\":[\"https:\/\/suportaldol.org\/es\/10-de-setembre-acte-dhomenatge-a-les-victimes-i-families-supervivents\/\"]}]},{\"@type\":\"ImageObject\",\"inLanguage\":\"es\",\"@id\":\"https:\/\/suportaldol.org\/es\/10-de-setembre-acte-dhomenatge-a-les-victimes-i-families-supervivents\/#primaryimage\",\"url\":\"https:\/\/suportaldol.org\/wp-content\/uploads\/2026\/09\/lleida-4.png\",\"contentUrl\":\"https:\/\/suportaldol.org\/wp-content\/uploads\/2026\/09\/lleida-4.png\",\"width\":1080,\"height\":1350},{\"@type\":\"BreadcrumbList\",\"@id\":\"https:\/\/suportaldol.org\/es\/10-de-setembre-acte-dhomenatge-a-les-victimes-i-families-supervivents\/#breadcrumb\",\"itemListElement\":[{\"@type\":\"ListItem\",\"position\":1,\"name\":\"Portada\",\"item\":\"https:\/\/suportaldol.org\/\"},{\"@type\":\"ListItem\",\"position\":2,\"name\":\"10 DE SETEMBRE | ACTE D\u2019HOMENATGE A LES V\u00cdCTIMES I FAM\u00cdLIES SUPERVIVENTS\"}]},{\"@type\":\"WebSite\",\"@id\":\"https:\/\/suportaldol.org\/#website\",\"url\":\"https:\/\/suportaldol.org\/\",\"name\":\"Suport al Dol\",\"description\":\"\",\"publisher\":{\"@id\":\"https:\/\/suportaldol.org\/#organization\"},\"alternateName\":\"Suport al Dol de Ponent\",\"potentialAction\":[{\"@type\":\"SearchAction\",\"target\":{\"@type\":\"EntryPoint\",\"urlTemplate\":\"https:\/\/suportaldol.org\/?s={search_term_string}\"},\"query-input\":{\"@type\":\"PropertyValueSpecification\",\"valueRequired\":true,\"valueName\":\"search_term_string\"}}],\"inLanguage\":\"es\"},{\"@type\":\"Organization\",\"@id\":\"https:\/\/suportaldol.org\/#organization\",\"name\":\"Suport al Dol\",\"url\":\"https:\/\/suportaldol.org\/\",\"logo\":{\"@type\":\"ImageObject\",\"inLanguage\":\"es\",\"@id\":\"https:\/\/suportaldol.org\/#\/schema\/logo\/image\/\",\"url\":\"https:\/\/suportaldol.org\/wp-content\/uploads\/2024\/11\/logo-2015-PNG2.webp\",\"contentUrl\":\"https:\/\/suportaldol.org\/wp-content\/uploads\/2024\/11\/logo-2015-PNG2.webp\",\"width\":450,\"height\":160,\"caption\":\"Suport al Dol\"},\"image\":{\"@id\":\"https:\/\/suportaldol.org\/#\/schema\/logo\/image\/\"},\"sameAs\":[\"https:\/\/www.facebook.com\/suportaldol\/?locale=ca_ES\",\"https:\/\/x.com\/suportaldol\",\"https:\/\/www.instagram.com\/suportaldol\"]},{\"@type\":\"Person\",\"@id\":\"https:\/\/suportaldol.org\/#\/schema\/person\/899940d74c311187e8e6e8928a195857\",\"name\":\"Suport al Dol\",\"image\":{\"@type\":\"ImageObject\",\"inLanguage\":\"es\",\"@id\":\"https:\/\/suportaldol.org\/#\/schema\/person\/image\/\",\"url\":\"https:\/\/secure.gravatar.com\/avatar\/9e51f671c8358731d0085a66ee4330db5de8c7aecc06ef692167a13768b1b5ee?s=96&d=mm&r=g\",\"contentUrl\":\"https:\/\/secure.gravatar.com\/avatar\/9e51f671c8358731d0085a66ee4330db5de8c7aecc06ef692167a13768b1b5ee?s=96&d=mm&r=g\",\"caption\":\"Suport al Dol\"},\"url\":\"https:\/\/suportaldol.org\/es\/author\/suportaldol\/\"}]}<\/script>\n<!-- \/ Yoast SEO plugin. -->","yoast_head_json":{"title":"10 DE SETEMBRE | ACTE D\u2019HOMENATGE A LES V\u00cdCTIMES I FAM\u00cdLIES SUPERVIVENTS | Suport al dol","robots":{"index":"index","follow":"follow","max-snippet":"max-snippet:-1","max-image-preview":"max-image-preview:large","max-video-preview":"max-video-preview:-1"},"canonical":"https:\/\/suportaldol.org\/es\/10-de-setembre-acte-dhomenatge-a-les-victimes-i-families-supervivents\/","og_locale":"es_ES","og_type":"article","og_title":"10 DE SETEMBRE | ACTE D\u2019HOMENATGE A LES V\u00cdCTIMES I FAM\u00cdLIES SUPERVIVENTS | Suport al dol","og_description":"Hi ha dies per recordar. I dies per ser-hi. Amb motiu del Dia Mundial per a la Prevenci\u00f3 del Su\u00efcidi, ens trobarem a Lleida en un acte d\u2019homenatge a les v\u00edctimes i a les fam\u00edlies supervivents. Un espai per recordar, escoltar, compartir i fer visible que, davant del patiment, no podem mirar cap a una [&hellip;]","og_url":"https:\/\/suportaldol.org\/es\/10-de-setembre-acte-dhomenatge-a-les-victimes-i-families-supervivents\/","og_site_name":"Suport al dol","article_publisher":"https:\/\/www.facebook.com\/suportaldol\/?locale=ca_ES","article_published_time":"2026-09-04T09:00:21+00:00","article_modified_time":"2026-09-04T09:04:52+00:00","og_image":[{"width":1080,"height":1350,"url":"https:\/\/suportaldol.org\/wp-content\/uploads\/2026\/09\/lleida-4.png","type":"image\/png"}],"author":"Suport al Dol","twitter_card":"summary_large_image","twitter_creator":"@suportaldol","twitter_site":"@suportaldol","twitter_misc":{"Escrito por":"Suport al Dol","Tiempo de lectura":"1 minuto"},"schema":{"@context":"https:\/\/schema.org","@graph":[{"@type":"Article","@id":"https:\/\/suportaldol.org\/es\/10-de-setembre-acte-dhomenatge-a-les-victimes-i-families-supervivents\/#article","isPartOf":{"@id":"https:\/\/suportaldol.org\/es\/10-de-setembre-acte-dhomenatge-a-les-victimes-i-families-supervivents\/"},"author":{"name":"Suport al Dol","@id":"https:\/\/suportaldol.org\/#\/schema\/person\/899940d74c311187e8e6e8928a195857"},"headline":"10 DE SETEMBRE | ACTE D\u2019HOMENATGE A LES V\u00cdCTIMES I FAM\u00cdLIES SUPERVIVENTS","datePublished":"2026-09-04T09:00:21+00:00","dateModified":"2026-09-04T09:04:52+00:00","mainEntityOfPage":{"@id":"https:\/\/suportaldol.org\/es\/10-de-setembre-acte-dhomenatge-a-les-victimes-i-families-supervivents\/"},"wordCount":186,"commentCount":0,"publisher":{"@id":"https:\/\/suportaldol.org\/#organization"},"image":{"@id":"https:\/\/suportaldol.org\/es\/10-de-setembre-acte-dhomenatge-a-les-victimes-i-families-supervivents\/#primaryimage"},"thumbnailUrl":"https:\/\/suportaldol.org\/wp-content\/uploads\/2026\/09\/lleida-4.png","keywords":["Noticias"],"inLanguage":"es","potentialAction":[{"@type":"CommentAction","name":"Comment","target":["https:\/\/suportaldol.org\/es\/10-de-setembre-acte-dhomenatge-a-les-victimes-i-families-supervivents\/#respond"]}]},{"@type":"WebPage","@id":"https:\/\/suportaldol.org\/es\/10-de-setembre-acte-dhomenatge-a-les-victimes-i-families-supervivents\/","url":"https:\/\/suportaldol.org\/es\/10-de-setembre-acte-dhomenatge-a-les-victimes-i-families-supervivents\/","name":"10 DE SETEMBRE | ACTE D\u2019HOMENATGE A LES V\u00cdCTIMES I FAM\u00cdLIES SUPERVIVENTS | Suport al dol","isPartOf":{"@id":"https:\/\/suportaldol.org\/#website"},"primaryImageOfPage":{"@id":"https:\/\/suportaldol.org\/es\/10-de-setembre-acte-dhomenatge-a-les-victimes-i-families-supervivents\/#primaryimage"},"image":{"@id":"https:\/\/suportaldol.org\/es\/10-de-setembre-acte-dhomenatge-a-les-victimes-i-families-supervivents\/#primaryimage"},"thumbnailUrl":"https:\/\/suportaldol.org\/wp-content\/uploads\/2026\/09\/lleida-4.png","datePublished":"2026-09-04T09:00:21+00:00","dateModified":"2026-09-04T09:04:52+00:00","breadcrumb":{"@id":"https:\/\/suportaldol.org\/es\/10-de-setembre-acte-dhomenatge-a-les-victimes-i-families-supervivents\/#breadcrumb"},"inLanguage":"es","potentialAction":[{"@type":"ReadAction","target":["https:\/\/suportaldol.org\/es\/10-de-setembre-acte-dhomenatge-a-les-victimes-i-families-supervivents\/"]}]},{"@type":"ImageObject","inLanguage":"es","@id":"https:\/\/suportaldol.org\/es\/10-de-setembre-acte-dhomenatge-a-les-victimes-i-families-supervivents\/#primaryimage","url":"https:\/\/suportaldol.org\/wp-content\/uploads\/2026\/09\/lleida-4.png","contentUrl":"https:\/\/suportaldol.org\/wp-content\/uploads\/2026\/09\/lleida-4.png","width":1080,"height":1350},{"@type":"BreadcrumbList","@id":"https:\/\/suportaldol.org\/es\/10-de-setembre-acte-dhomenatge-a-les-victimes-i-families-supervivents\/#breadcrumb","itemListElement":[{"@type":"ListItem","position":1,"name":"Portada","item":"https:\/\/suportaldol.org\/"},{"@type":"ListItem","position":2,"name":"10 DE SETEMBRE | ACTE D\u2019HOMENATGE A LES V\u00cdCTIMES I FAM\u00cdLIES SUPERVIVENTS"}]},{"@type":"WebSite","@id":"https:\/\/suportaldol.org\/#website","url":"https:\/\/suportaldol.org\/","name":"Suport al Dol","description":"","publisher":{"@id":"https:\/\/suportaldol.org\/#organization"},"alternateName":"Suport al Dol de Ponent","potentialAction":[{"@type":"SearchAction","target":{"@type":"EntryPoint","urlTemplate":"https:\/\/suportaldol.org\/?s={search_term_string}"},"query-input":{"@type":"PropertyValueSpecification","valueRequired":true,"valueName":"search_term_string"}}],"inLanguage":"es"},{"@type":"Organization","@id":"https:\/\/suportaldol.org\/#organization","name":"Suport al Dol","url":"https:\/\/suportaldol.org\/","logo":{"@type":"ImageObject","inLanguage":"es","@id":"https:\/\/suportaldol.org\/#\/schema\/logo\/image\/","url":"https:\/\/suportaldol.org\/wp-content\/uploads\/2024\/11\/logo-2015-PNG2.webp","contentUrl":"https:\/\/suportaldol.org\/wp-content\/uploads\/2024\/11\/logo-2015-PNG2.webp","width":450,"height":160,"caption":"Suport al Dol"},"image":{"@id":"https:\/\/suportaldol.org\/#\/schema\/logo\/image\/"},"sameAs":["https:\/\/www.facebook.com\/suportaldol\/?locale=ca_ES","https:\/\/x.com\/suportaldol","https:\/\/www.instagram.com\/suportaldol"]},{"@type":"Person","@id":"https:\/\/suportaldol.org\/#\/schema\/person\/899940d74c311187e8e6e8928a195857","name":"Suport al Dol","image":{"@type":"ImageObject","inLanguage":"es","@id":"https:\/\/suportaldol.org\/#\/schema\/person\/image\/","url":"https:\/\/secure.gravatar.com\/avatar\/9e51f671c8358731d0085a66ee4330db5de8c7aecc06ef692167a13768b1b5ee?s=96&d=mm&r=g","contentUrl":"https:\/\/secure.gravatar.com\/avatar\/9e51f671c8358731d0085a66ee4330db5de8c7aecc06ef692167a13768b1b5ee?s=96&d=mm&r=g","caption":"Suport al Dol"},"url":"https:\/\/suportaldol.org\/es\/author\/suportaldol\/"}]}},"_links":{"self":[{"href":"https:\/\/suportaldol.org\/es\/wp-json\/wp\/v2\/posts\/8604","targetHints":{"allow":["GET"]}}],"collection":[{"href":"https:\/\/suportaldol.org\/es\/wp-json\/wp\/v2\/posts"}],"about":[{"href":"https:\/\/suportaldol.org\/es\/wp-json\/wp\/v2\/types\/post"}],"author":[{"embeddable":true,"href":"https:\/\/suportaldol.org\/es\/wp-json\/wp\/v2\/users\/2"}],"replies":[{"embeddable":true,"href":"https:\/\/suportaldol.org\/es\/wp-json\/wp\/v2\/comments?post=8604"}],"version-history":[{"count":1,"href":"https:\/\/suportaldol.org\/es\/wp-json\/wp\/v2\/posts\/8604\/revisions"}],"predecessor-version":[{"id":8605,"href":"https:\/\/suportaldol.org\/es\/wp-json\/wp\/v2\/posts\/8604\/revisions\/8605"}],"wp:featuredmedia":[{"embeddable":true,"href":"https:\/\/suportaldol.org\/es\/wp-json\/wp\/v2\/media\/8603"}],"wp:attachment":[{"href":"https:\/\/suportaldol.org\/es\/wp-json\/wp\/v2\/media?parent=8604"}],"wp:term":[{"taxonomy":"category","embeddable":true,"href":"https:\/\/suportaldol.org\/es\/wp-json\/wp\/v2\/categories?post=8604"},{"taxonomy":"post_tag","embeddable":true,"href":"https:\/\/suportaldol.org\/es\/wp-json\/wp\/v2\/tags?post=8604"}],"curies":[{"name":"wp","href":"https:\/\/api.w.org\/{rel}","templated":true}]}}