{"id":8596,"date":"2026-09-01T11:56:01","date_gmt":"2026-09-01T11:56:01","guid":{"rendered":"https:\/\/suportaldol.org\/setembre-%c2%b7-ens-mobilitzem-per-la-prevencio-del-suicidi\/"},"modified":"2026-09-01T11:58:24","modified_gmt":"2026-09-01T11:58:24","slug":"setembre-%c2%b7-ens-mobilitzem-per-la-prevencio-del-suicidi","status":"publish","type":"post","link":"https:\/\/suportaldol.org\/es\/setembre-%c2%b7-ens-mobilitzem-per-la-prevencio-del-suicidi\/","title":{"rendered":"Setembre \u00b7 Ens mobilitzem per la prevenci\u00f3 del su\u00efcidi"},"content":{"rendered":"\n<p class=\"wp-block-paragraph\"><\/p>\n\n<p class=\"wp-block-paragraph\">Aquest setembre sortim al carrer per <strong>visibilitzar una realitat sovint silenciada i recordar que la prevenci\u00f3 del su\u00efcidi ens implica a totes i tots.<\/strong><\/p>\n\n<p class=\"wp-block-paragraph\">Des del Servei de Suport al Dol de Ponent estem preparant diferents accions comunit\u00e0ries, obertes a tota la ciutadania, amb un objectiu compartit: <strong>remoure consci\u00e8ncies, obrir converses, identificar senyals, generar xarxa i convidar a l&#8217;acci\u00f3.<\/strong><\/p>\n\n<p class=\"wp-block-paragraph\">Durant el mes de setembre serem a <strong>Lleida, T\u00e0rrega i Tremp<\/strong> amb una instal\u00b7laci\u00f3 participativa i diferents actes comunitaris.<\/p>\n\n<figure class=\"wp-block-table\"><table class=\"has-fixed-layout\"><tbody><tr><td class=\"has-text-align-left\" data-align=\"left\"><strong>La instal\u00b7laci\u00f3 recorrer\u00e0 diferents espais c\u00e8ntrics de Lleida, T\u00e0rrega i Tremp:<\/strong><br\/><br\/>La instal\u00b7laci\u00f3 proposar\u00e0 a la ciutadania rec\u00f3rrer simb\u00f2licament <strong>dos camins formats per diferents cercles situats a terra<\/strong>.El primer representar\u00e0 el <strong>cam\u00ed del patiment<\/strong>, amb conceptes vinculats a situacions i factors de vulnerabilitat com la buidor, la soledat, la tristesa profunda, la desesperan\u00e7a o diferents factors de risc.Aquest recorregut desembocar\u00e0 en <strong>tres cadires col\u00b7locades d\u2019esquena les unes a les altres<\/strong>, sense possibilitat de mirar-se, i unes sabates buides a terra, com a s\u00edmbol de l\u2019a\u00efllament, el silenci i de les persones que ja no s\u00f3n amb nosaltres.<br\/><br\/>En paral\u00b7lel, un segon recorregut representar\u00e0 el <br\/><strong>cam\u00ed de la prevenci\u00f3 i els factors de protecci\u00f3<\/strong>, amb conceptes com els recursos, l\u2019esperan\u00e7a, la comunitat, el benestar i l\u2019aprenentatge.Aquest cam\u00ed acabar\u00e0 en <strong>un espai acollidor amb dues butaques encarades i una persona disponible per parlar<\/strong>, com a representaci\u00f3 del vincle, l\u2019escolta i la possibilitat de demanar i oferir ajuda.Entre els dos recorreguts apareixeran quatre conceptes que actuaran simb\u00f2licament com a ponts:<br\/><br\/><strong>ESCOLTA \u00b7 SUPORT \u00b7 IDENTIFICAR SENYALS \u00b7 ACOMPANYAMENT<\/strong><br\/><\/td><\/tr><tr><td class=\"has-text-align-left\" data-align=\"left\"><img decoding=\"async\" alt=\"\" src=\"https:\/\/mcusercontent.com\/d0cff9bf74c36ad2c085cd234\/images\/aa8d2314-d80a-2efa-2451-9ec05d01b91e.png\" width=\"309.6\" height=\"auto\"\/><\/td><\/tr><\/tbody><\/table><\/figure>\n\n<p class=\"wp-block-paragraph\"><\/p>\n\n<p class=\"wp-block-paragraph\"><\/p>\n","protected":false},"excerpt":{"rendered":"<p>Aquest setembre sortim al carrer per visibilitzar una realitat sovint silenciada i recordar que la prevenci\u00f3 del su\u00efcidi ens implica a totes i tots. Des del Servei de Suport al Dol de Ponent estem preparant diferents accions comunit\u00e0ries, obertes a tota la ciutadania, amb un objectiu compartit: remoure consci\u00e8ncies, obrir converses, identificar senyals, generar xarxa [&hellip;]<\/p>\n","protected":false},"author":2,"featured_media":8595,"comment_status":"open","ping_status":"open","sticky":false,"template":"","format":"standard","meta":{"footnotes":""},"categories":[1],"tags":[74],"class_list":["post-8596","post","type-post","status-publish","format-standard","has-post-thumbnail","hentry","category-sin-categoria","tag-noticias"],"yoast_head":"<!-- This site is optimized with the Yoast SEO plugin v26.1.1 - https:\/\/yoast.com\/wordpress\/plugins\/seo\/ -->\n<title>Setembre \u00b7 Ens mobilitzem per la prevenci\u00f3 del su\u00efcidi | Suport al dol<\/title>\n<meta name=\"robots\" content=\"index, follow, max-snippet:-1, max-image-preview:large, max-video-preview:-1\" \/>\n<link rel=\"canonical\" href=\"https:\/\/suportaldol.org\/es\/setembre-\u00b7-ens-mobilitzem-per-la-prevencio-del-suicidi\/\" \/>\n<meta property=\"og:locale\" content=\"es_ES\" \/>\n<meta property=\"og:type\" content=\"article\" \/>\n<meta property=\"og:title\" content=\"Setembre \u00b7 Ens mobilitzem per la prevenci\u00f3 del su\u00efcidi | Suport al dol\" \/>\n<meta property=\"og:description\" content=\"Aquest setembre sortim al carrer per visibilitzar una realitat sovint silenciada i recordar que la prevenci\u00f3 del su\u00efcidi ens implica a totes i tots. Des del Servei de Suport al Dol de Ponent estem preparant diferents accions comunit\u00e0ries, obertes a tota la ciutadania, amb un objectiu compartit: remoure consci\u00e8ncies, obrir converses, identificar senyals, generar xarxa [&hellip;]\" \/>\n<meta property=\"og:url\" content=\"https:\/\/suportaldol.org\/es\/setembre-\u00b7-ens-mobilitzem-per-la-prevencio-del-suicidi\/\" \/>\n<meta property=\"og:site_name\" content=\"Suport al dol\" \/>\n<meta property=\"article:publisher\" content=\"https:\/\/www.facebook.com\/suportaldol\/?locale=ca_ES\" \/>\n<meta property=\"article:published_time\" content=\"2026-09-01T11:56:01+00:00\" \/>\n<meta property=\"article:modified_time\" content=\"2026-09-01T11:58:24+00:00\" \/>\n<meta property=\"og:image\" content=\"https:\/\/suportaldol.org\/wp-content\/uploads\/2026\/09\/Calendari.png\" \/>\n\t<meta property=\"og:image:width\" content=\"1080\" \/>\n\t<meta property=\"og:image:height\" content=\"1350\" \/>\n\t<meta property=\"og:image:type\" content=\"image\/png\" \/>\n<meta name=\"author\" content=\"Suport al Dol\" \/>\n<meta name=\"twitter:card\" content=\"summary_large_image\" \/>\n<meta name=\"twitter:creator\" content=\"@suportaldol\" \/>\n<meta name=\"twitter:site\" content=\"@suportaldol\" \/>\n<meta name=\"twitter:label1\" content=\"Escrito por\" \/>\n\t<meta name=\"twitter:data1\" content=\"Suport al Dol\" \/>\n\t<meta name=\"twitter:label2\" content=\"Tiempo de lectura\" \/>\n\t<meta name=\"twitter:data2\" content=\"1 minuto\" \/>\n<script type=\"application\/ld+json\" class=\"yoast-schema-graph\">{\"@context\":\"https:\/\/schema.org\",\"@graph\":[{\"@type\":\"Article\",\"@id\":\"https:\/\/suportaldol.org\/es\/setembre-%c2%b7-ens-mobilitzem-per-la-prevencio-del-suicidi\/#article\",\"isPartOf\":{\"@id\":\"https:\/\/suportaldol.org\/es\/setembre-%c2%b7-ens-mobilitzem-per-la-prevencio-del-suicidi\/\"},\"author\":{\"name\":\"Suport al Dol\",\"@id\":\"https:\/\/suportaldol.org\/#\/schema\/person\/899940d74c311187e8e6e8928a195857\"},\"headline\":\"Setembre \u00b7 Ens mobilitzem per la prevenci\u00f3 del su\u00efcidi\",\"datePublished\":\"2026-09-01T11:56:01+00:00\",\"dateModified\":\"2026-09-01T11:58:24+00:00\",\"mainEntityOfPage\":{\"@id\":\"https:\/\/suportaldol.org\/es\/setembre-%c2%b7-ens-mobilitzem-per-la-prevencio-del-suicidi\/\"},\"wordCount\":288,\"commentCount\":0,\"publisher\":{\"@id\":\"https:\/\/suportaldol.org\/#organization\"},\"image\":{\"@id\":\"https:\/\/suportaldol.org\/es\/setembre-%c2%b7-ens-mobilitzem-per-la-prevencio-del-suicidi\/#primaryimage\"},\"thumbnailUrl\":\"https:\/\/suportaldol.org\/wp-content\/uploads\/2026\/09\/Calendari.png\",\"keywords\":[\"Noticias\"],\"inLanguage\":\"es\",\"potentialAction\":[{\"@type\":\"CommentAction\",\"name\":\"Comment\",\"target\":[\"https:\/\/suportaldol.org\/es\/setembre-%c2%b7-ens-mobilitzem-per-la-prevencio-del-suicidi\/#respond\"]}]},{\"@type\":\"WebPage\",\"@id\":\"https:\/\/suportaldol.org\/es\/setembre-%c2%b7-ens-mobilitzem-per-la-prevencio-del-suicidi\/\",\"url\":\"https:\/\/suportaldol.org\/es\/setembre-%c2%b7-ens-mobilitzem-per-la-prevencio-del-suicidi\/\",\"name\":\"Setembre \u00b7 Ens mobilitzem per la prevenci\u00f3 del su\u00efcidi | Suport al dol\",\"isPartOf\":{\"@id\":\"https:\/\/suportaldol.org\/#website\"},\"primaryImageOfPage\":{\"@id\":\"https:\/\/suportaldol.org\/es\/setembre-%c2%b7-ens-mobilitzem-per-la-prevencio-del-suicidi\/#primaryimage\"},\"image\":{\"@id\":\"https:\/\/suportaldol.org\/es\/setembre-%c2%b7-ens-mobilitzem-per-la-prevencio-del-suicidi\/#primaryimage\"},\"thumbnailUrl\":\"https:\/\/suportaldol.org\/wp-content\/uploads\/2026\/09\/Calendari.png\",\"datePublished\":\"2026-09-01T11:56:01+00:00\",\"dateModified\":\"2026-09-01T11:58:24+00:00\",\"breadcrumb\":{\"@id\":\"https:\/\/suportaldol.org\/es\/setembre-%c2%b7-ens-mobilitzem-per-la-prevencio-del-suicidi\/#breadcrumb\"},\"inLanguage\":\"es\",\"potentialAction\":[{\"@type\":\"ReadAction\",\"target\":[\"https:\/\/suportaldol.org\/es\/setembre-%c2%b7-ens-mobilitzem-per-la-prevencio-del-suicidi\/\"]}]},{\"@type\":\"ImageObject\",\"inLanguage\":\"es\",\"@id\":\"https:\/\/suportaldol.org\/es\/setembre-%c2%b7-ens-mobilitzem-per-la-prevencio-del-suicidi\/#primaryimage\",\"url\":\"https:\/\/suportaldol.org\/wp-content\/uploads\/2026\/09\/Calendari.png\",\"contentUrl\":\"https:\/\/suportaldol.org\/wp-content\/uploads\/2026\/09\/Calendari.png\",\"width\":1080,\"height\":1350},{\"@type\":\"BreadcrumbList\",\"@id\":\"https:\/\/suportaldol.org\/es\/setembre-%c2%b7-ens-mobilitzem-per-la-prevencio-del-suicidi\/#breadcrumb\",\"itemListElement\":[{\"@type\":\"ListItem\",\"position\":1,\"name\":\"Portada\",\"item\":\"https:\/\/suportaldol.org\/\"},{\"@type\":\"ListItem\",\"position\":2,\"name\":\"Setembre \u00b7 Ens mobilitzem per la prevenci\u00f3 del su\u00efcidi\"}]},{\"@type\":\"WebSite\",\"@id\":\"https:\/\/suportaldol.org\/#website\",\"url\":\"https:\/\/suportaldol.org\/\",\"name\":\"Suport al Dol\",\"description\":\"\",\"publisher\":{\"@id\":\"https:\/\/suportaldol.org\/#organization\"},\"alternateName\":\"Suport al Dol de Ponent\",\"potentialAction\":[{\"@type\":\"SearchAction\",\"target\":{\"@type\":\"EntryPoint\",\"urlTemplate\":\"https:\/\/suportaldol.org\/?s={search_term_string}\"},\"query-input\":{\"@type\":\"PropertyValueSpecification\",\"valueRequired\":true,\"valueName\":\"search_term_string\"}}],\"inLanguage\":\"es\"},{\"@type\":\"Organization\",\"@id\":\"https:\/\/suportaldol.org\/#organization\",\"name\":\"Suport al Dol\",\"url\":\"https:\/\/suportaldol.org\/\",\"logo\":{\"@type\":\"ImageObject\",\"inLanguage\":\"es\",\"@id\":\"https:\/\/suportaldol.org\/#\/schema\/logo\/image\/\",\"url\":\"https:\/\/suportaldol.org\/wp-content\/uploads\/2024\/11\/logo-2015-PNG2.webp\",\"contentUrl\":\"https:\/\/suportaldol.org\/wp-content\/uploads\/2024\/11\/logo-2015-PNG2.webp\",\"width\":450,\"height\":160,\"caption\":\"Suport al Dol\"},\"image\":{\"@id\":\"https:\/\/suportaldol.org\/#\/schema\/logo\/image\/\"},\"sameAs\":[\"https:\/\/www.facebook.com\/suportaldol\/?locale=ca_ES\",\"https:\/\/x.com\/suportaldol\",\"https:\/\/www.instagram.com\/suportaldol\"]},{\"@type\":\"Person\",\"@id\":\"https:\/\/suportaldol.org\/#\/schema\/person\/899940d74c311187e8e6e8928a195857\",\"name\":\"Suport al Dol\",\"image\":{\"@type\":\"ImageObject\",\"inLanguage\":\"es\",\"@id\":\"https:\/\/suportaldol.org\/#\/schema\/person\/image\/\",\"url\":\"https:\/\/secure.gravatar.com\/avatar\/9e51f671c8358731d0085a66ee4330db5de8c7aecc06ef692167a13768b1b5ee?s=96&d=mm&r=g\",\"contentUrl\":\"https:\/\/secure.gravatar.com\/avatar\/9e51f671c8358731d0085a66ee4330db5de8c7aecc06ef692167a13768b1b5ee?s=96&d=mm&r=g\",\"caption\":\"Suport al Dol\"},\"url\":\"https:\/\/suportaldol.org\/es\/author\/suportaldol\/\"}]}<\/script>\n<!-- \/ Yoast SEO plugin. -->","yoast_head_json":{"title":"Setembre \u00b7 Ens mobilitzem per la prevenci\u00f3 del su\u00efcidi | Suport al dol","robots":{"index":"index","follow":"follow","max-snippet":"max-snippet:-1","max-image-preview":"max-image-preview:large","max-video-preview":"max-video-preview:-1"},"canonical":"https:\/\/suportaldol.org\/es\/setembre-\u00b7-ens-mobilitzem-per-la-prevencio-del-suicidi\/","og_locale":"es_ES","og_type":"article","og_title":"Setembre \u00b7 Ens mobilitzem per la prevenci\u00f3 del su\u00efcidi | Suport al dol","og_description":"Aquest setembre sortim al carrer per visibilitzar una realitat sovint silenciada i recordar que la prevenci\u00f3 del su\u00efcidi ens implica a totes i tots. Des del Servei de Suport al Dol de Ponent estem preparant diferents accions comunit\u00e0ries, obertes a tota la ciutadania, amb un objectiu compartit: remoure consci\u00e8ncies, obrir converses, identificar senyals, generar xarxa [&hellip;]","og_url":"https:\/\/suportaldol.org\/es\/setembre-\u00b7-ens-mobilitzem-per-la-prevencio-del-suicidi\/","og_site_name":"Suport al dol","article_publisher":"https:\/\/www.facebook.com\/suportaldol\/?locale=ca_ES","article_published_time":"2026-09-01T11:56:01+00:00","article_modified_time":"2026-09-01T11:58:24+00:00","og_image":[{"width":1080,"height":1350,"url":"https:\/\/suportaldol.org\/wp-content\/uploads\/2026\/09\/Calendari.png","type":"image\/png"}],"author":"Suport al Dol","twitter_card":"summary_large_image","twitter_creator":"@suportaldol","twitter_site":"@suportaldol","twitter_misc":{"Escrito por":"Suport al Dol","Tiempo de lectura":"1 minuto"},"schema":{"@context":"https:\/\/schema.org","@graph":[{"@type":"Article","@id":"https:\/\/suportaldol.org\/es\/setembre-%c2%b7-ens-mobilitzem-per-la-prevencio-del-suicidi\/#article","isPartOf":{"@id":"https:\/\/suportaldol.org\/es\/setembre-%c2%b7-ens-mobilitzem-per-la-prevencio-del-suicidi\/"},"author":{"name":"Suport al Dol","@id":"https:\/\/suportaldol.org\/#\/schema\/person\/899940d74c311187e8e6e8928a195857"},"headline":"Setembre \u00b7 Ens mobilitzem per la prevenci\u00f3 del su\u00efcidi","datePublished":"2026-09-01T11:56:01+00:00","dateModified":"2026-09-01T11:58:24+00:00","mainEntityOfPage":{"@id":"https:\/\/suportaldol.org\/es\/setembre-%c2%b7-ens-mobilitzem-per-la-prevencio-del-suicidi\/"},"wordCount":288,"commentCount":0,"publisher":{"@id":"https:\/\/suportaldol.org\/#organization"},"image":{"@id":"https:\/\/suportaldol.org\/es\/setembre-%c2%b7-ens-mobilitzem-per-la-prevencio-del-suicidi\/#primaryimage"},"thumbnailUrl":"https:\/\/suportaldol.org\/wp-content\/uploads\/2026\/09\/Calendari.png","keywords":["Noticias"],"inLanguage":"es","potentialAction":[{"@type":"CommentAction","name":"Comment","target":["https:\/\/suportaldol.org\/es\/setembre-%c2%b7-ens-mobilitzem-per-la-prevencio-del-suicidi\/#respond"]}]},{"@type":"WebPage","@id":"https:\/\/suportaldol.org\/es\/setembre-%c2%b7-ens-mobilitzem-per-la-prevencio-del-suicidi\/","url":"https:\/\/suportaldol.org\/es\/setembre-%c2%b7-ens-mobilitzem-per-la-prevencio-del-suicidi\/","name":"Setembre \u00b7 Ens mobilitzem per la prevenci\u00f3 del su\u00efcidi | Suport al dol","isPartOf":{"@id":"https:\/\/suportaldol.org\/#website"},"primaryImageOfPage":{"@id":"https:\/\/suportaldol.org\/es\/setembre-%c2%b7-ens-mobilitzem-per-la-prevencio-del-suicidi\/#primaryimage"},"image":{"@id":"https:\/\/suportaldol.org\/es\/setembre-%c2%b7-ens-mobilitzem-per-la-prevencio-del-suicidi\/#primaryimage"},"thumbnailUrl":"https:\/\/suportaldol.org\/wp-content\/uploads\/2026\/09\/Calendari.png","datePublished":"2026-09-01T11:56:01+00:00","dateModified":"2026-09-01T11:58:24+00:00","breadcrumb":{"@id":"https:\/\/suportaldol.org\/es\/setembre-%c2%b7-ens-mobilitzem-per-la-prevencio-del-suicidi\/#breadcrumb"},"inLanguage":"es","potentialAction":[{"@type":"ReadAction","target":["https:\/\/suportaldol.org\/es\/setembre-%c2%b7-ens-mobilitzem-per-la-prevencio-del-suicidi\/"]}]},{"@type":"ImageObject","inLanguage":"es","@id":"https:\/\/suportaldol.org\/es\/setembre-%c2%b7-ens-mobilitzem-per-la-prevencio-del-suicidi\/#primaryimage","url":"https:\/\/suportaldol.org\/wp-content\/uploads\/2026\/09\/Calendari.png","contentUrl":"https:\/\/suportaldol.org\/wp-content\/uploads\/2026\/09\/Calendari.png","width":1080,"height":1350},{"@type":"BreadcrumbList","@id":"https:\/\/suportaldol.org\/es\/setembre-%c2%b7-ens-mobilitzem-per-la-prevencio-del-suicidi\/#breadcrumb","itemListElement":[{"@type":"ListItem","position":1,"name":"Portada","item":"https:\/\/suportaldol.org\/"},{"@type":"ListItem","position":2,"name":"Setembre \u00b7 Ens mobilitzem per la prevenci\u00f3 del su\u00efcidi"}]},{"@type":"WebSite","@id":"https:\/\/suportaldol.org\/#website","url":"https:\/\/suportaldol.org\/","name":"Suport al Dol","description":"","publisher":{"@id":"https:\/\/suportaldol.org\/#organization"},"alternateName":"Suport al Dol de Ponent","potentialAction":[{"@type":"SearchAction","target":{"@type":"EntryPoint","urlTemplate":"https:\/\/suportaldol.org\/?s={search_term_string}"},"query-input":{"@type":"PropertyValueSpecification","valueRequired":true,"valueName":"search_term_string"}}],"inLanguage":"es"},{"@type":"Organization","@id":"https:\/\/suportaldol.org\/#organization","name":"Suport al Dol","url":"https:\/\/suportaldol.org\/","logo":{"@type":"ImageObject","inLanguage":"es","@id":"https:\/\/suportaldol.org\/#\/schema\/logo\/image\/","url":"https:\/\/suportaldol.org\/wp-content\/uploads\/2024\/11\/logo-2015-PNG2.webp","contentUrl":"https:\/\/suportaldol.org\/wp-content\/uploads\/2024\/11\/logo-2015-PNG2.webp","width":450,"height":160,"caption":"Suport al Dol"},"image":{"@id":"https:\/\/suportaldol.org\/#\/schema\/logo\/image\/"},"sameAs":["https:\/\/www.facebook.com\/suportaldol\/?locale=ca_ES","https:\/\/x.com\/suportaldol","https:\/\/www.instagram.com\/suportaldol"]},{"@type":"Person","@id":"https:\/\/suportaldol.org\/#\/schema\/person\/899940d74c311187e8e6e8928a195857","name":"Suport al Dol","image":{"@type":"ImageObject","inLanguage":"es","@id":"https:\/\/suportaldol.org\/#\/schema\/person\/image\/","url":"https:\/\/secure.gravatar.com\/avatar\/9e51f671c8358731d0085a66ee4330db5de8c7aecc06ef692167a13768b1b5ee?s=96&d=mm&r=g","contentUrl":"https:\/\/secure.gravatar.com\/avatar\/9e51f671c8358731d0085a66ee4330db5de8c7aecc06ef692167a13768b1b5ee?s=96&d=mm&r=g","caption":"Suport al Dol"},"url":"https:\/\/suportaldol.org\/es\/author\/suportaldol\/"}]}},"_links":{"self":[{"href":"https:\/\/suportaldol.org\/es\/wp-json\/wp\/v2\/posts\/8596","targetHints":{"allow":["GET"]}}],"collection":[{"href":"https:\/\/suportaldol.org\/es\/wp-json\/wp\/v2\/posts"}],"about":[{"href":"https:\/\/suportaldol.org\/es\/wp-json\/wp\/v2\/types\/post"}],"author":[{"embeddable":true,"href":"https:\/\/suportaldol.org\/es\/wp-json\/wp\/v2\/users\/2"}],"replies":[{"embeddable":true,"href":"https:\/\/suportaldol.org\/es\/wp-json\/wp\/v2\/comments?post=8596"}],"version-history":[{"count":1,"href":"https:\/\/suportaldol.org\/es\/wp-json\/wp\/v2\/posts\/8596\/revisions"}],"predecessor-version":[{"id":8597,"href":"https:\/\/suportaldol.org\/es\/wp-json\/wp\/v2\/posts\/8596\/revisions\/8597"}],"wp:featuredmedia":[{"embeddable":true,"href":"https:\/\/suportaldol.org\/es\/wp-json\/wp\/v2\/media\/8595"}],"wp:attachment":[{"href":"https:\/\/suportaldol.org\/es\/wp-json\/wp\/v2\/media?parent=8596"}],"wp:term":[{"taxonomy":"category","embeddable":true,"href":"https:\/\/suportaldol.org\/es\/wp-json\/wp\/v2\/categories?post=8596"},{"taxonomy":"post_tag","embeddable":true,"href":"https:\/\/suportaldol.org\/es\/wp-json\/wp\/v2\/tags?post=8596"}],"curies":[{"name":"wp","href":"https:\/\/api.w.org\/{rel}","templated":true}]}}