{"id":8388,"date":"2026-03-09T16:27:02","date_gmt":"2026-03-09T16:27:02","guid":{"rendered":"https:\/\/suportaldol.org\/%f0%9f%92%9c-el-servei-de-suport-al-dol-de-ponent-inicia-el-seu-cami-a-lalta-ribagorca\/"},"modified":"2026-03-09T16:36:30","modified_gmt":"2026-03-09T16:36:30","slug":"%f0%9f%92%9c-el-servei-de-suport-al-dol-de-ponent-inicia-el-seu-cami-a-lalta-ribagorca","status":"publish","type":"post","link":"https:\/\/suportaldol.org\/es\/%f0%9f%92%9c-el-servei-de-suport-al-dol-de-ponent-inicia-el-seu-cami-a-lalta-ribagorca\/","title":{"rendered":"\ud83d\udc9c El Servei de Suport al Dol de Ponent inicia el seu cam\u00ed a l\u2019Alta Ribagor\u00e7a"},"content":{"rendered":"\t\t<div data-elementor-type=\"wp-post\" data-elementor-id=\"8388\" class=\"elementor elementor-8388 elementor-8378\" data-elementor-post-type=\"post\">\n\t\t\t\t<div class=\"elementor-element elementor-element-2c53dd54 e-flex e-con-boxed e-con e-parent \" data-id=\"2c53dd54\" data-element_type=\"container\">\t\t\t<div class=\"e-con-inner\">\r\n\t\t\t\t<div class=\"elementor-element elementor-element-b0deac1 elementor-widget elementor-widget-text-editor\" data-id=\"b0deac1\" data-element_type=\"widget\" data-widget_type=\"text-editor.default\">\n\t\t\t\t\t\t\t\t\t<p data-start=\"144\" data-end=\"225\">\ud83d\udc9c <strong data-start=\"147\" data-end=\"225\">El Servei de Suport al Dol de Ponent inicia el seu cam\u00ed a l\u2019Alta Ribagor\u00e7a<\/strong><\/p>\n<p data-start=\"227\" data-end=\"501\">La setmana passada vam fer un pas important per continuar apropant l\u2019acompanyament al dol a m\u00e9s territoris. La nostra coordinadora i la secret\u00e0ria t\u00e8cnica es van despla\u00e7ar al Pont de Suert per mantenir dues reunions institucionals clau per a l\u2019inici del servei a la comarca. <\/p>\n<p data-start=\"503\" data-end=\"974\">D\u2019una banda, vam reunir-nos amb el <strong data-start=\"538\" data-end=\"578\">Consell Comarcal de l\u2019Alta Ribagor\u00e7a<\/strong>, amb la participaci\u00f3 del seu president, <strong data-start=\"619\" data-end=\"660\"><span class=\"hover:entity-accent entity-underline inline cursor-pointer align-baseline\"><span class=\"whitespace-normal\">Albert Palac\u00edn Farr\u00e9<\/span><\/span><\/strong>, la directora de Serveis Socials <strong data-start=\"694\" data-end=\"735\"><span class=\"hover:entity-accent entity-underline inline cursor-pointer align-baseline\"><span class=\"whitespace-normal\">Mar Moline<\/span><\/span><\/strong> i <strong data-start=\"738\" data-end=\"779\"><span class=\"hover:entity-accent entity-underline inline cursor-pointer align-baseline\"><span class=\"whitespace-normal\">Carme Barrab\u00e9s<\/span><\/span><\/strong>, coordinadora dels Serveis Socials B\u00e0sics. La trobada va servir per compartir objectius i explorar vies de col\u00b7laboraci\u00f3 per oferir suport a les persones que viuen un proc\u00e9s de dol a la comarca. <\/p>\n<p data-start=\"976\" data-end=\"1277\">Posteriorment, vam visitar el <strong data-start=\"1006\" data-end=\"1031\">CAP del Pont de Suert<\/strong>, on vam presentar el <strong data-start=\"1053\" data-end=\"1090\">Servei de Suport al Dol de Ponent<\/strong> a l\u2019equip de professionals del centre. Aquest espai va permetre donar a con\u00e8ixer el projecte i posar les bases per treballar de manera coordinada amb els serveis sanitaris del territori. <\/p>\n<p data-start=\"1279\" data-end=\"1415\">Continuem treballant perqu\u00e8 <strong data-start=\"1307\" data-end=\"1414\">cada vegada m\u00e9s persones puguin accedir a espais d\u2019acompanyament emocional i suport en el proc\u00e9s de dol<\/strong>.<\/p>\n<p data-start=\"1417\" data-end=\"1477\">Junts, fem que ning\u00fa hagi de transitar el dol en solitud. \ud83c\udf38<\/p>\n<p data-start=\"1479\" data-end=\"1572\"> <\/p>\t\t\t\t\t\t\t\t<\/div>\n\t\t\t\t\t<\/div>\r\n\t\t\t\t<\/div>\r\n\t\t\t\t<\/div>\n\t\t","protected":false},"excerpt":{"rendered":"<p>\ud83d\udc9c El Servei de Suport al Dol de Ponent inicia el seu cam\u00ed a l\u2019Alta Ribagor\u00e7a La setmana passada vam fer un pas important per continuar apropant l\u2019acompanyament al dol a m\u00e9s territoris. La nostra coordinadora i la secret\u00e0ria t\u00e8cnica es van despla\u00e7ar al Pont de Suert per mantenir dues reunions institucionals clau per a [&hellip;]<\/p>\n","protected":false},"author":2,"featured_media":8387,"comment_status":"open","ping_status":"open","sticky":false,"template":"","format":"standard","meta":{"footnotes":""},"categories":[1],"tags":[74],"class_list":["post-8388","post","type-post","status-publish","format-standard","has-post-thumbnail","hentry","category-sin-categoria","tag-noticias"],"yoast_head":"<!-- This site is optimized with the Yoast SEO plugin v26.1.1 - https:\/\/yoast.com\/wordpress\/plugins\/seo\/ -->\n<title>\ud83d\udc9c El Servei de Suport al Dol de Ponent inicia el seu cam\u00ed a l\u2019Alta Ribagor\u00e7a | Suport al dol<\/title>\n<meta name=\"robots\" content=\"index, follow, max-snippet:-1, max-image-preview:large, max-video-preview:-1\" \/>\n<link rel=\"canonical\" href=\"https:\/\/suportaldol.org\/es\/\ud83d\udc9c-el-servei-de-suport-al-dol-de-ponent-inicia-el-seu-cami-a-lalta-ribagorca\/\" \/>\n<meta property=\"og:locale\" content=\"es_ES\" \/>\n<meta property=\"og:type\" content=\"article\" \/>\n<meta property=\"og:title\" content=\"\ud83d\udc9c El Servei de Suport al Dol de Ponent inicia el seu cam\u00ed a l\u2019Alta Ribagor\u00e7a | Suport al dol\" \/>\n<meta property=\"og:description\" content=\"\ud83d\udc9c El Servei de Suport al Dol de Ponent inicia el seu cam\u00ed a l\u2019Alta Ribagor\u00e7a La setmana passada vam fer un pas important per continuar apropant l\u2019acompanyament al dol a m\u00e9s territoris. La nostra coordinadora i la secret\u00e0ria t\u00e8cnica es van despla\u00e7ar al Pont de Suert per mantenir dues reunions institucionals clau per a [&hellip;]\" \/>\n<meta property=\"og:url\" content=\"https:\/\/suportaldol.org\/es\/\ud83d\udc9c-el-servei-de-suport-al-dol-de-ponent-inicia-el-seu-cami-a-lalta-ribagorca\/\" \/>\n<meta property=\"og:site_name\" content=\"Suport al dol\" \/>\n<meta property=\"article:publisher\" content=\"https:\/\/www.facebook.com\/suportaldol\/?locale=ca_ES\" \/>\n<meta property=\"article:published_time\" content=\"2026-03-09T16:27:02+00:00\" \/>\n<meta property=\"article:modified_time\" content=\"2026-03-09T16:36:30+00:00\" \/>\n<meta property=\"og:image\" content=\"https:\/\/suportaldol.org\/wp-content\/uploads\/2026\/03\/WhatsApp-Image-2026-03-06-at-10.10.03.jpeg\" \/>\n\t<meta property=\"og:image:width\" content=\"2048\" \/>\n\t<meta property=\"og:image:height\" content=\"1536\" \/>\n\t<meta property=\"og:image:type\" content=\"image\/jpeg\" \/>\n<meta name=\"author\" content=\"Suport al Dol\" \/>\n<meta name=\"twitter:card\" content=\"summary_large_image\" \/>\n<meta name=\"twitter:creator\" content=\"@suportaldol\" \/>\n<meta name=\"twitter:site\" content=\"@suportaldol\" \/>\n<meta name=\"twitter:label1\" content=\"Escrito por\" \/>\n\t<meta name=\"twitter:data1\" content=\"Suport al Dol\" \/>\n\t<meta name=\"twitter:label2\" content=\"Tiempo de lectura\" \/>\n\t<meta name=\"twitter:data2\" content=\"1 minuto\" \/>\n<script type=\"application\/ld+json\" class=\"yoast-schema-graph\">{\"@context\":\"https:\/\/schema.org\",\"@graph\":[{\"@type\":\"Article\",\"@id\":\"https:\/\/suportaldol.org\/es\/%f0%9f%92%9c-el-servei-de-suport-al-dol-de-ponent-inicia-el-seu-cami-a-lalta-ribagorca\/#article\",\"isPartOf\":{\"@id\":\"https:\/\/suportaldol.org\/es\/%f0%9f%92%9c-el-servei-de-suport-al-dol-de-ponent-inicia-el-seu-cami-a-lalta-ribagorca\/\"},\"author\":{\"name\":\"Suport al Dol\",\"@id\":\"https:\/\/suportaldol.org\/#\/schema\/person\/899940d74c311187e8e6e8928a195857\"},\"headline\":\"\ud83d\udc9c El Servei de Suport al Dol de Ponent inicia el seu cam\u00ed a l\u2019Alta Ribagor\u00e7a\",\"datePublished\":\"2026-03-09T16:27:02+00:00\",\"dateModified\":\"2026-03-09T16:36:30+00:00\",\"mainEntityOfPage\":{\"@id\":\"https:\/\/suportaldol.org\/es\/%f0%9f%92%9c-el-servei-de-suport-al-dol-de-ponent-inicia-el-seu-cami-a-lalta-ribagorca\/\"},\"wordCount\":241,\"commentCount\":0,\"publisher\":{\"@id\":\"https:\/\/suportaldol.org\/#organization\"},\"image\":{\"@id\":\"https:\/\/suportaldol.org\/es\/%f0%9f%92%9c-el-servei-de-suport-al-dol-de-ponent-inicia-el-seu-cami-a-lalta-ribagorca\/#primaryimage\"},\"thumbnailUrl\":\"https:\/\/suportaldol.org\/wp-content\/uploads\/2026\/03\/WhatsApp-Image-2026-03-06-at-10.10.03.jpeg\",\"keywords\":[\"Noticias\"],\"inLanguage\":\"es\",\"potentialAction\":[{\"@type\":\"CommentAction\",\"name\":\"Comment\",\"target\":[\"https:\/\/suportaldol.org\/es\/%f0%9f%92%9c-el-servei-de-suport-al-dol-de-ponent-inicia-el-seu-cami-a-lalta-ribagorca\/#respond\"]}]},{\"@type\":\"WebPage\",\"@id\":\"https:\/\/suportaldol.org\/es\/%f0%9f%92%9c-el-servei-de-suport-al-dol-de-ponent-inicia-el-seu-cami-a-lalta-ribagorca\/\",\"url\":\"https:\/\/suportaldol.org\/es\/%f0%9f%92%9c-el-servei-de-suport-al-dol-de-ponent-inicia-el-seu-cami-a-lalta-ribagorca\/\",\"name\":\"\ud83d\udc9c El Servei de Suport al Dol de Ponent inicia el seu cam\u00ed a l\u2019Alta Ribagor\u00e7a | Suport al dol\",\"isPartOf\":{\"@id\":\"https:\/\/suportaldol.org\/#website\"},\"primaryImageOfPage\":{\"@id\":\"https:\/\/suportaldol.org\/es\/%f0%9f%92%9c-el-servei-de-suport-al-dol-de-ponent-inicia-el-seu-cami-a-lalta-ribagorca\/#primaryimage\"},\"image\":{\"@id\":\"https:\/\/suportaldol.org\/es\/%f0%9f%92%9c-el-servei-de-suport-al-dol-de-ponent-inicia-el-seu-cami-a-lalta-ribagorca\/#primaryimage\"},\"thumbnailUrl\":\"https:\/\/suportaldol.org\/wp-content\/uploads\/2026\/03\/WhatsApp-Image-2026-03-06-at-10.10.03.jpeg\",\"datePublished\":\"2026-03-09T16:27:02+00:00\",\"dateModified\":\"2026-03-09T16:36:30+00:00\",\"breadcrumb\":{\"@id\":\"https:\/\/suportaldol.org\/es\/%f0%9f%92%9c-el-servei-de-suport-al-dol-de-ponent-inicia-el-seu-cami-a-lalta-ribagorca\/#breadcrumb\"},\"inLanguage\":\"es\",\"potentialAction\":[{\"@type\":\"ReadAction\",\"target\":[\"https:\/\/suportaldol.org\/es\/%f0%9f%92%9c-el-servei-de-suport-al-dol-de-ponent-inicia-el-seu-cami-a-lalta-ribagorca\/\"]}]},{\"@type\":\"ImageObject\",\"inLanguage\":\"es\",\"@id\":\"https:\/\/suportaldol.org\/es\/%f0%9f%92%9c-el-servei-de-suport-al-dol-de-ponent-inicia-el-seu-cami-a-lalta-ribagorca\/#primaryimage\",\"url\":\"https:\/\/suportaldol.org\/wp-content\/uploads\/2026\/03\/WhatsApp-Image-2026-03-06-at-10.10.03.jpeg\",\"contentUrl\":\"https:\/\/suportaldol.org\/wp-content\/uploads\/2026\/03\/WhatsApp-Image-2026-03-06-at-10.10.03.jpeg\",\"width\":2048,\"height\":1536},{\"@type\":\"BreadcrumbList\",\"@id\":\"https:\/\/suportaldol.org\/es\/%f0%9f%92%9c-el-servei-de-suport-al-dol-de-ponent-inicia-el-seu-cami-a-lalta-ribagorca\/#breadcrumb\",\"itemListElement\":[{\"@type\":\"ListItem\",\"position\":1,\"name\":\"Portada\",\"item\":\"https:\/\/suportaldol.org\/\"},{\"@type\":\"ListItem\",\"position\":2,\"name\":\"\ud83d\udc9c El Servei de Suport al Dol de Ponent inicia el seu cam\u00ed a l\u2019Alta Ribagor\u00e7a\"}]},{\"@type\":\"WebSite\",\"@id\":\"https:\/\/suportaldol.org\/#website\",\"url\":\"https:\/\/suportaldol.org\/\",\"name\":\"Suport al Dol\",\"description\":\"\",\"publisher\":{\"@id\":\"https:\/\/suportaldol.org\/#organization\"},\"alternateName\":\"Suport al Dol de Ponent\",\"potentialAction\":[{\"@type\":\"SearchAction\",\"target\":{\"@type\":\"EntryPoint\",\"urlTemplate\":\"https:\/\/suportaldol.org\/?s={search_term_string}\"},\"query-input\":{\"@type\":\"PropertyValueSpecification\",\"valueRequired\":true,\"valueName\":\"search_term_string\"}}],\"inLanguage\":\"es\"},{\"@type\":\"Organization\",\"@id\":\"https:\/\/suportaldol.org\/#organization\",\"name\":\"Suport al Dol\",\"url\":\"https:\/\/suportaldol.org\/\",\"logo\":{\"@type\":\"ImageObject\",\"inLanguage\":\"es\",\"@id\":\"https:\/\/suportaldol.org\/#\/schema\/logo\/image\/\",\"url\":\"https:\/\/suportaldol.org\/wp-content\/uploads\/2024\/11\/logo-2015-PNG2.webp\",\"contentUrl\":\"https:\/\/suportaldol.org\/wp-content\/uploads\/2024\/11\/logo-2015-PNG2.webp\",\"width\":450,\"height\":160,\"caption\":\"Suport al Dol\"},\"image\":{\"@id\":\"https:\/\/suportaldol.org\/#\/schema\/logo\/image\/\"},\"sameAs\":[\"https:\/\/www.facebook.com\/suportaldol\/?locale=ca_ES\",\"https:\/\/x.com\/suportaldol\",\"https:\/\/www.instagram.com\/suportaldol\"]},{\"@type\":\"Person\",\"@id\":\"https:\/\/suportaldol.org\/#\/schema\/person\/899940d74c311187e8e6e8928a195857\",\"name\":\"Suport al Dol\",\"image\":{\"@type\":\"ImageObject\",\"inLanguage\":\"es\",\"@id\":\"https:\/\/suportaldol.org\/#\/schema\/person\/image\/\",\"url\":\"https:\/\/secure.gravatar.com\/avatar\/9e51f671c8358731d0085a66ee4330db5de8c7aecc06ef692167a13768b1b5ee?s=96&d=mm&r=g\",\"contentUrl\":\"https:\/\/secure.gravatar.com\/avatar\/9e51f671c8358731d0085a66ee4330db5de8c7aecc06ef692167a13768b1b5ee?s=96&d=mm&r=g\",\"caption\":\"Suport al Dol\"},\"url\":\"https:\/\/suportaldol.org\/es\/author\/suportaldol\/\"}]}<\/script>\n<!-- \/ Yoast SEO plugin. -->","yoast_head_json":{"title":"\ud83d\udc9c El Servei de Suport al Dol de Ponent inicia el seu cam\u00ed a l\u2019Alta Ribagor\u00e7a | Suport al dol","robots":{"index":"index","follow":"follow","max-snippet":"max-snippet:-1","max-image-preview":"max-image-preview:large","max-video-preview":"max-video-preview:-1"},"canonical":"https:\/\/suportaldol.org\/es\/\ud83d\udc9c-el-servei-de-suport-al-dol-de-ponent-inicia-el-seu-cami-a-lalta-ribagorca\/","og_locale":"es_ES","og_type":"article","og_title":"\ud83d\udc9c El Servei de Suport al Dol de Ponent inicia el seu cam\u00ed a l\u2019Alta Ribagor\u00e7a | Suport al dol","og_description":"\ud83d\udc9c El Servei de Suport al Dol de Ponent inicia el seu cam\u00ed a l\u2019Alta Ribagor\u00e7a La setmana passada vam fer un pas important per continuar apropant l\u2019acompanyament al dol a m\u00e9s territoris. La nostra coordinadora i la secret\u00e0ria t\u00e8cnica es van despla\u00e7ar al Pont de Suert per mantenir dues reunions institucionals clau per a [&hellip;]","og_url":"https:\/\/suportaldol.org\/es\/\ud83d\udc9c-el-servei-de-suport-al-dol-de-ponent-inicia-el-seu-cami-a-lalta-ribagorca\/","og_site_name":"Suport al dol","article_publisher":"https:\/\/www.facebook.com\/suportaldol\/?locale=ca_ES","article_published_time":"2026-03-09T16:27:02+00:00","article_modified_time":"2026-03-09T16:36:30+00:00","og_image":[{"width":2048,"height":1536,"url":"https:\/\/suportaldol.org\/wp-content\/uploads\/2026\/03\/WhatsApp-Image-2026-03-06-at-10.10.03.jpeg","type":"image\/jpeg"}],"author":"Suport al Dol","twitter_card":"summary_large_image","twitter_creator":"@suportaldol","twitter_site":"@suportaldol","twitter_misc":{"Escrito por":"Suport al Dol","Tiempo de lectura":"1 minuto"},"schema":{"@context":"https:\/\/schema.org","@graph":[{"@type":"Article","@id":"https:\/\/suportaldol.org\/es\/%f0%9f%92%9c-el-servei-de-suport-al-dol-de-ponent-inicia-el-seu-cami-a-lalta-ribagorca\/#article","isPartOf":{"@id":"https:\/\/suportaldol.org\/es\/%f0%9f%92%9c-el-servei-de-suport-al-dol-de-ponent-inicia-el-seu-cami-a-lalta-ribagorca\/"},"author":{"name":"Suport al Dol","@id":"https:\/\/suportaldol.org\/#\/schema\/person\/899940d74c311187e8e6e8928a195857"},"headline":"\ud83d\udc9c El Servei de Suport al Dol de Ponent inicia el seu cam\u00ed a l\u2019Alta Ribagor\u00e7a","datePublished":"2026-03-09T16:27:02+00:00","dateModified":"2026-03-09T16:36:30+00:00","mainEntityOfPage":{"@id":"https:\/\/suportaldol.org\/es\/%f0%9f%92%9c-el-servei-de-suport-al-dol-de-ponent-inicia-el-seu-cami-a-lalta-ribagorca\/"},"wordCount":241,"commentCount":0,"publisher":{"@id":"https:\/\/suportaldol.org\/#organization"},"image":{"@id":"https:\/\/suportaldol.org\/es\/%f0%9f%92%9c-el-servei-de-suport-al-dol-de-ponent-inicia-el-seu-cami-a-lalta-ribagorca\/#primaryimage"},"thumbnailUrl":"https:\/\/suportaldol.org\/wp-content\/uploads\/2026\/03\/WhatsApp-Image-2026-03-06-at-10.10.03.jpeg","keywords":["Noticias"],"inLanguage":"es","potentialAction":[{"@type":"CommentAction","name":"Comment","target":["https:\/\/suportaldol.org\/es\/%f0%9f%92%9c-el-servei-de-suport-al-dol-de-ponent-inicia-el-seu-cami-a-lalta-ribagorca\/#respond"]}]},{"@type":"WebPage","@id":"https:\/\/suportaldol.org\/es\/%f0%9f%92%9c-el-servei-de-suport-al-dol-de-ponent-inicia-el-seu-cami-a-lalta-ribagorca\/","url":"https:\/\/suportaldol.org\/es\/%f0%9f%92%9c-el-servei-de-suport-al-dol-de-ponent-inicia-el-seu-cami-a-lalta-ribagorca\/","name":"\ud83d\udc9c El Servei de Suport al Dol de Ponent inicia el seu cam\u00ed a l\u2019Alta Ribagor\u00e7a | Suport al dol","isPartOf":{"@id":"https:\/\/suportaldol.org\/#website"},"primaryImageOfPage":{"@id":"https:\/\/suportaldol.org\/es\/%f0%9f%92%9c-el-servei-de-suport-al-dol-de-ponent-inicia-el-seu-cami-a-lalta-ribagorca\/#primaryimage"},"image":{"@id":"https:\/\/suportaldol.org\/es\/%f0%9f%92%9c-el-servei-de-suport-al-dol-de-ponent-inicia-el-seu-cami-a-lalta-ribagorca\/#primaryimage"},"thumbnailUrl":"https:\/\/suportaldol.org\/wp-content\/uploads\/2026\/03\/WhatsApp-Image-2026-03-06-at-10.10.03.jpeg","datePublished":"2026-03-09T16:27:02+00:00","dateModified":"2026-03-09T16:36:30+00:00","breadcrumb":{"@id":"https:\/\/suportaldol.org\/es\/%f0%9f%92%9c-el-servei-de-suport-al-dol-de-ponent-inicia-el-seu-cami-a-lalta-ribagorca\/#breadcrumb"},"inLanguage":"es","potentialAction":[{"@type":"ReadAction","target":["https:\/\/suportaldol.org\/es\/%f0%9f%92%9c-el-servei-de-suport-al-dol-de-ponent-inicia-el-seu-cami-a-lalta-ribagorca\/"]}]},{"@type":"ImageObject","inLanguage":"es","@id":"https:\/\/suportaldol.org\/es\/%f0%9f%92%9c-el-servei-de-suport-al-dol-de-ponent-inicia-el-seu-cami-a-lalta-ribagorca\/#primaryimage","url":"https:\/\/suportaldol.org\/wp-content\/uploads\/2026\/03\/WhatsApp-Image-2026-03-06-at-10.10.03.jpeg","contentUrl":"https:\/\/suportaldol.org\/wp-content\/uploads\/2026\/03\/WhatsApp-Image-2026-03-06-at-10.10.03.jpeg","width":2048,"height":1536},{"@type":"BreadcrumbList","@id":"https:\/\/suportaldol.org\/es\/%f0%9f%92%9c-el-servei-de-suport-al-dol-de-ponent-inicia-el-seu-cami-a-lalta-ribagorca\/#breadcrumb","itemListElement":[{"@type":"ListItem","position":1,"name":"Portada","item":"https:\/\/suportaldol.org\/"},{"@type":"ListItem","position":2,"name":"\ud83d\udc9c El Servei de Suport al Dol de Ponent inicia el seu cam\u00ed a l\u2019Alta Ribagor\u00e7a"}]},{"@type":"WebSite","@id":"https:\/\/suportaldol.org\/#website","url":"https:\/\/suportaldol.org\/","name":"Suport al Dol","description":"","publisher":{"@id":"https:\/\/suportaldol.org\/#organization"},"alternateName":"Suport al Dol de Ponent","potentialAction":[{"@type":"SearchAction","target":{"@type":"EntryPoint","urlTemplate":"https:\/\/suportaldol.org\/?s={search_term_string}"},"query-input":{"@type":"PropertyValueSpecification","valueRequired":true,"valueName":"search_term_string"}}],"inLanguage":"es"},{"@type":"Organization","@id":"https:\/\/suportaldol.org\/#organization","name":"Suport al Dol","url":"https:\/\/suportaldol.org\/","logo":{"@type":"ImageObject","inLanguage":"es","@id":"https:\/\/suportaldol.org\/#\/schema\/logo\/image\/","url":"https:\/\/suportaldol.org\/wp-content\/uploads\/2024\/11\/logo-2015-PNG2.webp","contentUrl":"https:\/\/suportaldol.org\/wp-content\/uploads\/2024\/11\/logo-2015-PNG2.webp","width":450,"height":160,"caption":"Suport al Dol"},"image":{"@id":"https:\/\/suportaldol.org\/#\/schema\/logo\/image\/"},"sameAs":["https:\/\/www.facebook.com\/suportaldol\/?locale=ca_ES","https:\/\/x.com\/suportaldol","https:\/\/www.instagram.com\/suportaldol"]},{"@type":"Person","@id":"https:\/\/suportaldol.org\/#\/schema\/person\/899940d74c311187e8e6e8928a195857","name":"Suport al Dol","image":{"@type":"ImageObject","inLanguage":"es","@id":"https:\/\/suportaldol.org\/#\/schema\/person\/image\/","url":"https:\/\/secure.gravatar.com\/avatar\/9e51f671c8358731d0085a66ee4330db5de8c7aecc06ef692167a13768b1b5ee?s=96&d=mm&r=g","contentUrl":"https:\/\/secure.gravatar.com\/avatar\/9e51f671c8358731d0085a66ee4330db5de8c7aecc06ef692167a13768b1b5ee?s=96&d=mm&r=g","caption":"Suport al Dol"},"url":"https:\/\/suportaldol.org\/es\/author\/suportaldol\/"}]}},"_links":{"self":[{"href":"https:\/\/suportaldol.org\/es\/wp-json\/wp\/v2\/posts\/8388","targetHints":{"allow":["GET"]}}],"collection":[{"href":"https:\/\/suportaldol.org\/es\/wp-json\/wp\/v2\/posts"}],"about":[{"href":"https:\/\/suportaldol.org\/es\/wp-json\/wp\/v2\/types\/post"}],"author":[{"embeddable":true,"href":"https:\/\/suportaldol.org\/es\/wp-json\/wp\/v2\/users\/2"}],"replies":[{"embeddable":true,"href":"https:\/\/suportaldol.org\/es\/wp-json\/wp\/v2\/comments?post=8388"}],"version-history":[{"count":1,"href":"https:\/\/suportaldol.org\/es\/wp-json\/wp\/v2\/posts\/8388\/revisions"}],"predecessor-version":[{"id":8389,"href":"https:\/\/suportaldol.org\/es\/wp-json\/wp\/v2\/posts\/8388\/revisions\/8389"}],"wp:featuredmedia":[{"embeddable":true,"href":"https:\/\/suportaldol.org\/es\/wp-json\/wp\/v2\/media\/8387"}],"wp:attachment":[{"href":"https:\/\/suportaldol.org\/es\/wp-json\/wp\/v2\/media?parent=8388"}],"wp:term":[{"taxonomy":"category","embeddable":true,"href":"https:\/\/suportaldol.org\/es\/wp-json\/wp\/v2\/categories?post=8388"},{"taxonomy":"post_tag","embeddable":true,"href":"https:\/\/suportaldol.org\/es\/wp-json\/wp\/v2\/tags?post=8388"}],"curies":[{"name":"wp","href":"https:\/\/api.w.org\/{rel}","templated":true}]}}