{"id":8064,"date":"2025-12-02T08:39:39","date_gmt":"2025-12-02T08:39:39","guid":{"rendered":"https:\/\/suportaldol.org\/dol-en-la-gent-gran\/"},"modified":"2025-12-12T09:52:53","modified_gmt":"2025-12-12T09:52:53","slug":"dol-en-la-gent-gran","status":"publish","type":"post","link":"https:\/\/suportaldol.org\/es\/dol-en-la-gent-gran\/","title":{"rendered":"Dol en la Gent Gran"},"content":{"rendered":"\n<p>Des del Servei de Suport al dol de Ponent us volem parlar del proc\u00e9s de dol que s\u2019esdev\u00e9 quan ja som grans, quan ja hem deixat la vida laboral endarrere, hem tingut o no fills que ja s\u00f3n adults i viuen la seva pr\u00f2pia vida i ja fa uns anys que estem jubilats i jubilades. Hem envellit, ens hem fet grans.<\/p>\n\n<p>El proc\u00e9s de dol de la gent gran t\u00e9 unes caracter\u00edstiques especifiques tot i que mant\u00e9 les fases i reaccions que poden apar\u00e8ixer en qualsevol etapa de la vida. A mesura que envellim, les p\u00e8rdues esdevenen m\u00e9s freq\u00fcents \u2014amics, parella, autonomia o salut\u2014, i aix\u00f2 pot fer que el dol sigui m\u00e9s complex i que requereixi una atenci\u00f3 m\u00e9s acurada. Si comprenem com viuen aquest proc\u00e9s les persones grans facilita poder proporcionar un suport respectu\u00f3s, emp\u00e0tic i adaptat a les seves necessitats.<\/p>\n\n<p>Les persones grans han d\u2019afrontar una <strong>major acumulaci\u00f3 de p\u00e8rdues<\/strong>. \u00c9s habitual que hagin viscut diverses morts d\u2019\u00e9ssers estimats en un lapse relativament curt. Alhora, es dona un <strong>risc elevat de solitud<\/strong>, ja que la xarxa social tendeix a reduir-se i aix\u00f2 dificulta la disponibilitat de suport emocional.<\/p>\n\n<p>Els <strong>canvis en la salut f\u00edsica i cognitiva<\/strong> tamb\u00e9 influeixen en el proc\u00e9s de dol: la p\u00e8rdua pot augmentar el risc de depressi\u00f3, deteriorament funcional o problemes de mem\u00f2ria. Finalment, la viv\u00e8ncia de la mort d\u2019alg\u00fa proper pot despertar reflexions profundes sobre la pr\u00f2pia mortalitat, una q\u00fcesti\u00f3 que sovint impacta en el <strong>sentit de vida<\/strong>.<\/p>\n\n<p>Tot i que no tothom passa per totes les fases ni en un ordre concret, poden entrella\u00e7ar-se i apar\u00e8ixer de forma simult\u00e0nia. Segons el model integratiu-relacional de Alba Payas, (model en el que s\u2019han format les professionals del Servei de dol de Ponent) inclou quatre etapes: 1. Impacte o xoc 2. Evitaci\u00f3 \u2013 negaci\u00f3 (etapa de protecci\u00f3\/anhel i recerca) 3. Connexi\u00f3 \u2013 integraci\u00f3 i 4. Creixement \u2013 transformaci\u00f3<\/p>\n\n<p>Quan som grans aquestes fases poden ser m\u00e9s lentes i sovint necessiten m\u00e9s suport emocional per poder avan\u00e7ar.<\/p>\n\n<p>El proc\u00e9s de dol est\u00e0 condicionat per factors, entre els quals destaquen:<\/p>\n\n<ul class=\"wp-block-list\">\n<li><strong>La qualitat del vincle<\/strong> amb la persona perduda, especialment en el cas del c\u00f2njuge. Es un vincle constru\u00eft al llarg de d\u00e8cades de conviv\u00e8ncia, projectes compartits i interdepend\u00e8ncia emocional i pr\u00e0ctica.<\/li>\n\n\n\n<li><strong>L\u2019estat de salut f\u00edsica i mental previ<\/strong>, que pot facilitar o dificultar l\u2019afrontament. Una persona amb malalties cr\u00f2niques pot tenir dificultats per afrontar el dol, en canvi una bona salut esdev\u00e9 un factor protector.<\/li>\n\n\n\n<li><strong>La disponibilitat de suport social<\/strong><strong>,<\/strong> tant familiar com comunitari. El suport social \u00e9s un dels factors m\u00e9s determinants en la viv\u00e8ncia del dol.<\/li>\n\n\n\n<li><strong>L\u2019estil de vida i la rutina di\u00e0ria<\/strong><strong>,<\/strong> que poden perdre sentit o requerir grans ajustos despr\u00e9s de la p\u00e8rdua. Les rutines tenen un paper crucial en l\u2019estabilitat emocional.<\/li>\n\n\n\n<li><strong>El context de la mort<\/strong><strong>,<\/strong> ja sigui sobtada- que pot generar xoc i incredulitat, derivada d\u2019una llarga malaltia- permet preparar-se per\u00f2 genera esgotament o en situaci\u00f3 de depend\u00e8ncia-barreja emocions complexes.<\/li>\n<\/ul>\n\n<h3 class=\"wp-block-heading\">La p\u00e8rdua m\u00e9s significativa durant l\u2019envelliment \u00e9s la p\u00e8rdua de la parella, es desestructura la vida quotidiana, genera un gran buit, hi ha un sentiment de p\u00e8rdua d\u2019una part d\u2019un mateix, moltes activitats es feien conjuntament i aix\u00f2 pot fer augmentar l\u2019a\u00efllament i tamb\u00e9 hi ha un impacte en l\u2019autonomia que pot provocar desorientaci\u00f3 en el que es queda.<\/h3>\n\n<p>Tamb\u00e9 volem destacar la mort dels germans que representen un espai de<strong> mem\u00f2ria i hist\u00f2ria compartida<\/strong>, i que pot reactivar records d\u2019inf\u00e0ncia i altres p\u00e8rdues acumulades. Es produeix una combinaci\u00f3 de tristesa i reflexi\u00f3 sobre la pr\u00f2pia finitud.<\/p>\n\n<p>Destaquem la p\u00e8rdua de les amistats que pot tenir un impacte profund ja que esdevenen una font essencial de suport emocional i una part important de la vida quotidiana, especialment quan la persona viu sola.<\/p>\n\n<p>Com podem ajudar les persones grans que estan en dol?<\/p>\n\n<ul class=\"wp-block-list\">\n<li><strong>Rutines saludables<\/strong>, amb exercici suau, alimentaci\u00f3 equilibrada i descans<\/li>\n\n\n\n<li><strong>Espais per recordar<\/strong>, com rituals o converses sobre la persona perduda.<\/li>\n\n\n\n<li><strong>Suport familiar<\/strong>, basat en la pres\u00e8ncia, la paci\u00e8ncia i l\u2019escolta activa.<\/li>\n\n\n\n<li><strong>Validar<\/strong> el dolor sense minimitzar-lo (\u201ctens dret a estar trist\/a\u201d).<\/li>\n\n\n\n<li>Respectar els <strong>ritmes personals<\/strong> del proc\u00e9s.<\/li>\n\n\n\n<li>Buscar <strong>ajuda professional<\/strong> si apareixen senyals de dol complicat.<\/li>\n\n\n\n<li><strong>Ter\u00e0pia de dol<\/strong>, tant individual com grupal.<\/li>\n\n\n\n<li><strong>Participaci\u00f3 en activitats comunit\u00e0ries <\/strong> <\/li>\n<\/ul>\n\n<p><strong>En definitiva<\/strong>, el dol en la gent gran \u00e9s un proc\u00e9s profund. Requereix comprensi\u00f3, paci\u00e8ncia i un suport afectiu que ajudi la persona a reconstruir el seu dia a dia, preservar el record del que ha perdut i trobar nous significats en la darrera etapa de la vida.<\/p>\n\n<p>Gemma Asensio \u2013 terapeuta del Servei de Suport al dol de Ponent<\/p>\n","protected":false},"excerpt":{"rendered":"<p>Des del Servei de Suport al dol de Ponent us volem parlar del proc\u00e9s de dol que s\u2019esdev\u00e9 quan ja som grans, quan ja hem deixat la vida laboral endarrere, hem tingut o no fills que ja s\u00f3n adults i viuen la seva pr\u00f2pia vida i ja fa uns anys que estem jubilats i jubilades. [&hellip;]<\/p>\n","protected":false},"author":2,"featured_media":0,"comment_status":"open","ping_status":"open","sticky":false,"template":"","format":"standard","meta":{"footnotes":""},"categories":[1],"tags":[71],"class_list":["post-8064","post","type-post","status-publish","format-standard","hentry","category-sin-categoria","tag-article"],"yoast_head":"<!-- This site is optimized with the Yoast SEO plugin v26.1.1 - https:\/\/yoast.com\/wordpress\/plugins\/seo\/ -->\n<title>Dol en la Gent Gran | Suport al dol<\/title>\n<meta name=\"robots\" content=\"index, follow, max-snippet:-1, max-image-preview:large, max-video-preview:-1\" \/>\n<link rel=\"canonical\" href=\"https:\/\/suportaldol.org\/es\/dol-en-la-gent-gran\/\" \/>\n<meta property=\"og:locale\" content=\"es_ES\" \/>\n<meta property=\"og:type\" content=\"article\" \/>\n<meta property=\"og:title\" content=\"Dol en la Gent Gran | Suport al dol\" \/>\n<meta property=\"og:description\" content=\"Des del Servei de Suport al dol de Ponent us volem parlar del proc\u00e9s de dol que s\u2019esdev\u00e9 quan ja som grans, quan ja hem deixat la vida laboral endarrere, hem tingut o no fills que ja s\u00f3n adults i viuen la seva pr\u00f2pia vida i ja fa uns anys que estem jubilats i jubilades. [&hellip;]\" \/>\n<meta property=\"og:url\" content=\"https:\/\/suportaldol.org\/es\/dol-en-la-gent-gran\/\" \/>\n<meta property=\"og:site_name\" content=\"Suport al dol\" \/>\n<meta property=\"article:publisher\" content=\"https:\/\/www.facebook.com\/suportaldol\/?locale=ca_ES\" \/>\n<meta property=\"article:published_time\" content=\"2025-12-02T08:39:39+00:00\" \/>\n<meta property=\"article:modified_time\" content=\"2025-12-12T09:52:53+00:00\" \/>\n<meta property=\"og:image\" content=\"https:\/\/suportaldol.org\/wp-content\/uploads\/2025\/12\/senior-2864181_1280.jpg\" \/>\n\t<meta property=\"og:image:width\" content=\"1280\" \/>\n\t<meta property=\"og:image:height\" content=\"853\" \/>\n\t<meta property=\"og:image:type\" content=\"image\/jpeg\" \/>\n<meta name=\"author\" content=\"Suport al Dol\" \/>\n<meta name=\"twitter:card\" content=\"summary_large_image\" \/>\n<meta name=\"twitter:creator\" content=\"@suportaldol\" \/>\n<meta name=\"twitter:site\" content=\"@suportaldol\" \/>\n<meta name=\"twitter:label1\" content=\"Escrito por\" \/>\n\t<meta name=\"twitter:data1\" content=\"Suport al Dol\" \/>\n\t<meta name=\"twitter:label2\" content=\"Tiempo de lectura\" \/>\n\t<meta name=\"twitter:data2\" content=\"4 minutos\" \/>\n<script type=\"application\/ld+json\" class=\"yoast-schema-graph\">{\"@context\":\"https:\/\/schema.org\",\"@graph\":[{\"@type\":\"Article\",\"@id\":\"https:\/\/suportaldol.org\/es\/dol-en-la-gent-gran\/#article\",\"isPartOf\":{\"@id\":\"https:\/\/suportaldol.org\/es\/dol-en-la-gent-gran\/\"},\"author\":{\"name\":\"Suport al Dol\",\"@id\":\"https:\/\/suportaldol.org\/#\/schema\/person\/899940d74c311187e8e6e8928a195857\"},\"headline\":\"Dol en la Gent Gran\",\"datePublished\":\"2025-12-02T08:39:39+00:00\",\"dateModified\":\"2025-12-12T09:52:53+00:00\",\"mainEntityOfPage\":{\"@id\":\"https:\/\/suportaldol.org\/es\/dol-en-la-gent-gran\/\"},\"wordCount\":836,\"commentCount\":0,\"publisher\":{\"@id\":\"https:\/\/suportaldol.org\/#organization\"},\"keywords\":[\"Article\"],\"inLanguage\":\"es\",\"potentialAction\":[{\"@type\":\"CommentAction\",\"name\":\"Comment\",\"target\":[\"https:\/\/suportaldol.org\/es\/dol-en-la-gent-gran\/#respond\"]}]},{\"@type\":\"WebPage\",\"@id\":\"https:\/\/suportaldol.org\/es\/dol-en-la-gent-gran\/\",\"url\":\"https:\/\/suportaldol.org\/es\/dol-en-la-gent-gran\/\",\"name\":\"Dol en la Gent Gran | Suport al dol\",\"isPartOf\":{\"@id\":\"https:\/\/suportaldol.org\/#website\"},\"datePublished\":\"2025-12-02T08:39:39+00:00\",\"dateModified\":\"2025-12-12T09:52:53+00:00\",\"breadcrumb\":{\"@id\":\"https:\/\/suportaldol.org\/es\/dol-en-la-gent-gran\/#breadcrumb\"},\"inLanguage\":\"es\",\"potentialAction\":[{\"@type\":\"ReadAction\",\"target\":[\"https:\/\/suportaldol.org\/es\/dol-en-la-gent-gran\/\"]}]},{\"@type\":\"BreadcrumbList\",\"@id\":\"https:\/\/suportaldol.org\/es\/dol-en-la-gent-gran\/#breadcrumb\",\"itemListElement\":[{\"@type\":\"ListItem\",\"position\":1,\"name\":\"Portada\",\"item\":\"https:\/\/suportaldol.org\/\"},{\"@type\":\"ListItem\",\"position\":2,\"name\":\"Dol en la Gent Gran\"}]},{\"@type\":\"WebSite\",\"@id\":\"https:\/\/suportaldol.org\/#website\",\"url\":\"https:\/\/suportaldol.org\/\",\"name\":\"Suport al Dol\",\"description\":\"\",\"publisher\":{\"@id\":\"https:\/\/suportaldol.org\/#organization\"},\"alternateName\":\"Suport al Dol de Ponent\",\"potentialAction\":[{\"@type\":\"SearchAction\",\"target\":{\"@type\":\"EntryPoint\",\"urlTemplate\":\"https:\/\/suportaldol.org\/?s={search_term_string}\"},\"query-input\":{\"@type\":\"PropertyValueSpecification\",\"valueRequired\":true,\"valueName\":\"search_term_string\"}}],\"inLanguage\":\"es\"},{\"@type\":\"Organization\",\"@id\":\"https:\/\/suportaldol.org\/#organization\",\"name\":\"Suport al Dol\",\"url\":\"https:\/\/suportaldol.org\/\",\"logo\":{\"@type\":\"ImageObject\",\"inLanguage\":\"es\",\"@id\":\"https:\/\/suportaldol.org\/#\/schema\/logo\/image\/\",\"url\":\"https:\/\/suportaldol.org\/wp-content\/uploads\/2024\/11\/logo-2015-PNG2.webp\",\"contentUrl\":\"https:\/\/suportaldol.org\/wp-content\/uploads\/2024\/11\/logo-2015-PNG2.webp\",\"width\":450,\"height\":160,\"caption\":\"Suport al Dol\"},\"image\":{\"@id\":\"https:\/\/suportaldol.org\/#\/schema\/logo\/image\/\"},\"sameAs\":[\"https:\/\/www.facebook.com\/suportaldol\/?locale=ca_ES\",\"https:\/\/x.com\/suportaldol\",\"https:\/\/www.instagram.com\/suportaldol\"]},{\"@type\":\"Person\",\"@id\":\"https:\/\/suportaldol.org\/#\/schema\/person\/899940d74c311187e8e6e8928a195857\",\"name\":\"Suport al Dol\",\"image\":{\"@type\":\"ImageObject\",\"inLanguage\":\"es\",\"@id\":\"https:\/\/suportaldol.org\/#\/schema\/person\/image\/\",\"url\":\"https:\/\/secure.gravatar.com\/avatar\/9e51f671c8358731d0085a66ee4330db5de8c7aecc06ef692167a13768b1b5ee?s=96&d=mm&r=g\",\"contentUrl\":\"https:\/\/secure.gravatar.com\/avatar\/9e51f671c8358731d0085a66ee4330db5de8c7aecc06ef692167a13768b1b5ee?s=96&d=mm&r=g\",\"caption\":\"Suport al Dol\"},\"url\":\"https:\/\/suportaldol.org\/es\/author\/suportaldol\/\"}]}<\/script>\n<!-- \/ Yoast SEO plugin. -->","yoast_head_json":{"title":"Dol en la Gent Gran | Suport al dol","robots":{"index":"index","follow":"follow","max-snippet":"max-snippet:-1","max-image-preview":"max-image-preview:large","max-video-preview":"max-video-preview:-1"},"canonical":"https:\/\/suportaldol.org\/es\/dol-en-la-gent-gran\/","og_locale":"es_ES","og_type":"article","og_title":"Dol en la Gent Gran | Suport al dol","og_description":"Des del Servei de Suport al dol de Ponent us volem parlar del proc\u00e9s de dol que s\u2019esdev\u00e9 quan ja som grans, quan ja hem deixat la vida laboral endarrere, hem tingut o no fills que ja s\u00f3n adults i viuen la seva pr\u00f2pia vida i ja fa uns anys que estem jubilats i jubilades. [&hellip;]","og_url":"https:\/\/suportaldol.org\/es\/dol-en-la-gent-gran\/","og_site_name":"Suport al dol","article_publisher":"https:\/\/www.facebook.com\/suportaldol\/?locale=ca_ES","article_published_time":"2025-12-02T08:39:39+00:00","article_modified_time":"2025-12-12T09:52:53+00:00","og_image":[{"width":1280,"height":853,"url":"https:\/\/suportaldol.org\/wp-content\/uploads\/2025\/12\/senior-2864181_1280.jpg","type":"image\/jpeg"}],"author":"Suport al Dol","twitter_card":"summary_large_image","twitter_creator":"@suportaldol","twitter_site":"@suportaldol","twitter_misc":{"Escrito por":"Suport al Dol","Tiempo de lectura":"4 minutos"},"schema":{"@context":"https:\/\/schema.org","@graph":[{"@type":"Article","@id":"https:\/\/suportaldol.org\/es\/dol-en-la-gent-gran\/#article","isPartOf":{"@id":"https:\/\/suportaldol.org\/es\/dol-en-la-gent-gran\/"},"author":{"name":"Suport al Dol","@id":"https:\/\/suportaldol.org\/#\/schema\/person\/899940d74c311187e8e6e8928a195857"},"headline":"Dol en la Gent Gran","datePublished":"2025-12-02T08:39:39+00:00","dateModified":"2025-12-12T09:52:53+00:00","mainEntityOfPage":{"@id":"https:\/\/suportaldol.org\/es\/dol-en-la-gent-gran\/"},"wordCount":836,"commentCount":0,"publisher":{"@id":"https:\/\/suportaldol.org\/#organization"},"keywords":["Article"],"inLanguage":"es","potentialAction":[{"@type":"CommentAction","name":"Comment","target":["https:\/\/suportaldol.org\/es\/dol-en-la-gent-gran\/#respond"]}]},{"@type":"WebPage","@id":"https:\/\/suportaldol.org\/es\/dol-en-la-gent-gran\/","url":"https:\/\/suportaldol.org\/es\/dol-en-la-gent-gran\/","name":"Dol en la Gent Gran | Suport al dol","isPartOf":{"@id":"https:\/\/suportaldol.org\/#website"},"datePublished":"2025-12-02T08:39:39+00:00","dateModified":"2025-12-12T09:52:53+00:00","breadcrumb":{"@id":"https:\/\/suportaldol.org\/es\/dol-en-la-gent-gran\/#breadcrumb"},"inLanguage":"es","potentialAction":[{"@type":"ReadAction","target":["https:\/\/suportaldol.org\/es\/dol-en-la-gent-gran\/"]}]},{"@type":"BreadcrumbList","@id":"https:\/\/suportaldol.org\/es\/dol-en-la-gent-gran\/#breadcrumb","itemListElement":[{"@type":"ListItem","position":1,"name":"Portada","item":"https:\/\/suportaldol.org\/"},{"@type":"ListItem","position":2,"name":"Dol en la Gent Gran"}]},{"@type":"WebSite","@id":"https:\/\/suportaldol.org\/#website","url":"https:\/\/suportaldol.org\/","name":"Suport al Dol","description":"","publisher":{"@id":"https:\/\/suportaldol.org\/#organization"},"alternateName":"Suport al Dol de Ponent","potentialAction":[{"@type":"SearchAction","target":{"@type":"EntryPoint","urlTemplate":"https:\/\/suportaldol.org\/?s={search_term_string}"},"query-input":{"@type":"PropertyValueSpecification","valueRequired":true,"valueName":"search_term_string"}}],"inLanguage":"es"},{"@type":"Organization","@id":"https:\/\/suportaldol.org\/#organization","name":"Suport al Dol","url":"https:\/\/suportaldol.org\/","logo":{"@type":"ImageObject","inLanguage":"es","@id":"https:\/\/suportaldol.org\/#\/schema\/logo\/image\/","url":"https:\/\/suportaldol.org\/wp-content\/uploads\/2024\/11\/logo-2015-PNG2.webp","contentUrl":"https:\/\/suportaldol.org\/wp-content\/uploads\/2024\/11\/logo-2015-PNG2.webp","width":450,"height":160,"caption":"Suport al Dol"},"image":{"@id":"https:\/\/suportaldol.org\/#\/schema\/logo\/image\/"},"sameAs":["https:\/\/www.facebook.com\/suportaldol\/?locale=ca_ES","https:\/\/x.com\/suportaldol","https:\/\/www.instagram.com\/suportaldol"]},{"@type":"Person","@id":"https:\/\/suportaldol.org\/#\/schema\/person\/899940d74c311187e8e6e8928a195857","name":"Suport al Dol","image":{"@type":"ImageObject","inLanguage":"es","@id":"https:\/\/suportaldol.org\/#\/schema\/person\/image\/","url":"https:\/\/secure.gravatar.com\/avatar\/9e51f671c8358731d0085a66ee4330db5de8c7aecc06ef692167a13768b1b5ee?s=96&d=mm&r=g","contentUrl":"https:\/\/secure.gravatar.com\/avatar\/9e51f671c8358731d0085a66ee4330db5de8c7aecc06ef692167a13768b1b5ee?s=96&d=mm&r=g","caption":"Suport al Dol"},"url":"https:\/\/suportaldol.org\/es\/author\/suportaldol\/"}]}},"_links":{"self":[{"href":"https:\/\/suportaldol.org\/es\/wp-json\/wp\/v2\/posts\/8064","targetHints":{"allow":["GET"]}}],"collection":[{"href":"https:\/\/suportaldol.org\/es\/wp-json\/wp\/v2\/posts"}],"about":[{"href":"https:\/\/suportaldol.org\/es\/wp-json\/wp\/v2\/types\/post"}],"author":[{"embeddable":true,"href":"https:\/\/suportaldol.org\/es\/wp-json\/wp\/v2\/users\/2"}],"replies":[{"embeddable":true,"href":"https:\/\/suportaldol.org\/es\/wp-json\/wp\/v2\/comments?post=8064"}],"version-history":[{"count":1,"href":"https:\/\/suportaldol.org\/es\/wp-json\/wp\/v2\/posts\/8064\/revisions"}],"predecessor-version":[{"id":8065,"href":"https:\/\/suportaldol.org\/es\/wp-json\/wp\/v2\/posts\/8064\/revisions\/8065"}],"wp:attachment":[{"href":"https:\/\/suportaldol.org\/es\/wp-json\/wp\/v2\/media?parent=8064"}],"wp:term":[{"taxonomy":"category","embeddable":true,"href":"https:\/\/suportaldol.org\/es\/wp-json\/wp\/v2\/categories?post=8064"},{"taxonomy":"post_tag","embeddable":true,"href":"https:\/\/suportaldol.org\/es\/wp-json\/wp\/v2\/tags?post=8064"}],"curies":[{"name":"wp","href":"https:\/\/api.w.org\/{rel}","templated":true}]}}