{"id":7930,"date":"2025-11-26T09:36:12","date_gmt":"2025-11-26T09:36:12","guid":{"rendered":"https:\/\/suportaldol.org\/la-cadira-buida-una-charla-para-afrontar-la-navidad-cuando-estas-en-luto\/"},"modified":"2025-11-26T09:36:12","modified_gmt":"2025-11-26T09:36:12","slug":"la-cadira-buida-una-charla-para-afrontar-la-navidad-cuando-estas-en-luto","status":"publish","type":"post","link":"https:\/\/suportaldol.org\/es\/la-cadira-buida-una-charla-para-afrontar-la-navidad-cuando-estas-en-luto\/","title":{"rendered":"\u201cLa Cadira Buida\u201d, una charla para afrontar la Navidad cuando est\u00e1s en luto"},"content":{"rendered":"<p><img fetchpriority=\"high\" decoding=\"async\" src=\"https:\/\/suportaldol.org\/wp-content\/uploads\/2025\/10\/general-1-819x1024.png\" sizes=\"(max-width: 819px) 100vw, 819px\" srcset=\"https:\/\/suportaldol.org\/wp-content\/uploads\/2025\/10\/general-1-819x1024.png 819w, https:\/\/suportaldol.org\/wp-content\/uploads\/2025\/10\/general-1-240x300.png 240w, https:\/\/suportaldol.org\/wp-content\/uploads\/2025\/10\/general-1-768x960.png 768w, https:\/\/suportaldol.org\/wp-content\/uploads\/2025\/10\/general-1-568x710.png 568w, https:\/\/suportaldol.org\/wp-content\/uploads\/2025\/10\/general-1-600x750.png 600w, https:\/\/suportaldol.org\/wp-content\/uploads\/2025\/10\/general-1.png 1080w\" alt=\"\" width=\"819\" height=\"1024\"><\/p>\n<p id=\"block-532c7f4f-b4ab-40d2-8954-eac86a266617\" role=\"document\" aria-label=\"Bloc: Par\u00e0graf\" data-block=\"532c7f4f-b4ab-40d2-8954-eac86a266617\" data-type=\"core\/paragraph\" data-title=\"Par\u00e0graf\" data-empty=\"false\" data-wp-block-attribute-key=\"content\"><strong data-rich-text-format-boundary=\"true\">Durante estas fechas la mayor\u00eda de personas en luto lo pasa muy mal: se sienten m\u00e1s tristes, a\u00f1oradas, m\u00e1s cansadas, incluso. Por eso ofrecemos esta charla en Lleida, Guissona, T\u00e0rrega, Mollerussa y Tremp. <\/strong><\/p>\n<p id=\"block-cee4faaf-407b-42d0-815e-e3f2ae433f99\" role=\"document\" aria-label=\"Bloc: Par\u00e0graf\" data-block=\"cee4faaf-407b-42d0-815e-e3f2ae433f99\" data-type=\"core\/paragraph\" data-title=\"Par\u00e0graf\" data-empty=\"false\" data-wp-block-attribute-key=\"content\">La <strong>Cadira Buida<\/strong> nos propone un encuentro que tiene por objetivo apoyar socialmente a personas que est\u00e1n viviendo la p\u00e9rdida por la muerte de un ser querido y ofrecerles recursos para afrontar las fechas de Navidad.<\/p>\n<p id=\"block-5afe2ab8-30a3-478d-aa15-9bbb16ae8f7f\" role=\"document\" aria-label=\"Bloc: Par\u00e0graf\" data-block=\"5afe2ab8-30a3-478d-aa15-9bbb16ae8f7f\" data-type=\"core\/paragraph\" data-title=\"Par\u00e0graf\" data-empty=\"false\" data-wp-block-attribute-key=\"content\">En especial las primeras N<strong>avidades sin nuestra persona<\/strong> amada son muy duros. El esp\u00edritu de Navidad se supone que es paz, alegr\u00eda, amor. Pero por la persona que est\u00e1 <strong>en luto<\/strong> sea por la p\u00e9rdida de un hijo, la pareja, un hermano, padre o madre\u2026conectar con todo esto es muy dif\u00edcil.  <\/p>\n<p id=\"block-b9a1df2a-9c15-4996-bafa-4c85c96ae4f4\" role=\"document\" aria-label=\"Bloc: Par\u00e0graf\" data-block=\"b9a1df2a-9c15-4996-bafa-4c85c96ae4f4\" data-type=\"core\/paragraph\" data-title=\"Par\u00e0graf\" data-empty=\"false\" data-wp-block-attribute-key=\"content\">Este encuentro es un buen momento para compartir con las personas de confianza y recoger los recursos que las especialistas del Servicio de Apoyo al luto de Ponent expondr\u00e1n para intentar afrontar las fiestas de Navidad de forma m\u00e1s consciente y con serenidad.<\/p>\n<p id=\"block-af84831c-6417-44c0-83df-199987f0088b\" role=\"document\" aria-label=\"Bloc: Par\u00e0graf\" data-block=\"af84831c-6417-44c0-83df-199987f0088b\" data-type=\"core\/paragraph\" data-title=\"Par\u00e0graf\" data-empty=\"false\" data-wp-block-attribute-key=\"content\">El acto incluir\u00e1 <strong>testimonios en primera persona de personas que han vivido un proceso de luto<\/strong>, y <strong>m\u00fasica en directo<\/strong>, interpretada por j\u00f3venes de las escuelas de m\u00fasica locales. El encuentro culminar\u00e1 con un <strong>acto de recuerdo<\/strong>, en el que se encender\u00e1n velas en homenaje a las personas que ya no est\u00e1n, se hace un minuto de silencio en recuerdo de todas ellas. <\/p>\n<p id=\"block-c5b42208-a0da-4ecf-b1b4-722205ef4c89\" role=\"document\" aria-label=\"Bloc: Par\u00e0graf\" data-block=\"c5b42208-a0da-4ecf-b1b4-722205ef4c89\" data-type=\"core\/paragraph\" data-title=\"Par\u00e0graf\" data-empty=\"false\" data-wp-block-attribute-key=\"content\"><strong>Fechas y lugares<\/strong><\/p>\n<p id=\"block-a3a356e7-3bc5-4a7d-907e-c7f2c0993825\" role=\"document\" aria-label=\"Bloc: Par\u00e0graf\" data-block=\"a3a356e7-3bc5-4a7d-907e-c7f2c0993825\" data-type=\"core\/paragraph\" data-title=\"Par\u00e0graf\" data-empty=\"false\" data-wp-block-attribute-key=\"content\"><strong>Lleida: <\/strong>27\/11\/2025 18:00H. C.c la Bordeta, Av. Pla d\u2019urgell, 28.  <\/p>\n<p id=\"block-18bd79bc-bc6e-4d11-9bcd-3bf05553ed13\" role=\"document\" aria-label=\"Bloc: Par\u00e0graf\" data-block=\"18bd79bc-bc6e-4d11-9bcd-3bf05553ed13\" data-type=\"core\/paragraph\" data-title=\"Par\u00e0graf\" data-empty=\"false\" data-wp-block-attribute-key=\"content\"><strong>Guissona<\/strong><strong>: <\/strong>01<strong> <\/strong>\/12\/2025 19:00H. E.M. de M\u00fasica, Pla\u00e7a Vell Pla, 1. <\/p>\n<p id=\"block-04c596c1-dd5b-44de-b740-0cfe36441893\" role=\"document\" aria-label=\"Bloc: Par\u00e0graf\" data-block=\"04c596c1-dd5b-44de-b740-0cfe36441893\" data-type=\"core\/paragraph\" data-title=\"Par\u00e0graf\" data-empty=\"false\" data-wp-block-attribute-key=\"content\"><strong>T\u00e0rrega:<\/strong> 10\/12\/2025 18:30H. Al Museu Comarcal de l\u2019Urgell. Carrer Major, 11.  <\/p>\n<p id=\"block-5bf6e1a2-1e9d-44cf-a167-675908ea650f\" role=\"document\" aria-label=\"Bloc: Par\u00e0graf\" data-block=\"5bf6e1a2-1e9d-44cf-a167-675908ea650f\" data-type=\"core\/paragraph\" data-title=\"Par\u00e0graf\" data-empty=\"false\" data-wp-block-attribute-key=\"content\"><strong>Mollerussa<\/strong><strong>:<\/strong> 11\/12\/2025 17:30H. Al Casal Senior, C\/ Joan Burniol, 3. <\/p>\n<p id=\"block-e396b653-7a2f-4c33-9317-d31ca6049056\" role=\"document\" aria-label=\"Bloc: Par\u00e0graf\" data-block=\"e396b653-7a2f-4c33-9317-d31ca6049056\" data-type=\"core\/paragraph\" data-title=\"Par\u00e0graf\" data-empty=\"false\" data-wp-block-attribute-key=\"content\"><strong>Tremp: <\/strong>12\/12\/2025 18:00H. La Singratalla, Rbla. de Doc. Pearson, 18.   <\/p>\n","protected":false},"excerpt":{"rendered":"<p>Durante estas fechas la mayor\u00eda de personas en luto lo pasa muy mal: se sienten m\u00e1s tristes, a\u00f1oradas, m\u00e1s cansadas, incluso. Por eso ofrecemos esta charla en Lleida, Guissona, T\u00e0rrega, Mollerussa y Tremp. La Cadira Buida nos propone un encuentro que tiene por objetivo apoyar socialmente a personas que est\u00e1n viviendo la p\u00e9rdida por la [&hellip;]<\/p>\n","protected":false},"author":1,"featured_media":0,"comment_status":"open","ping_status":"open","sticky":false,"template":"","format":"standard","meta":{"footnotes":""},"categories":[68],"tags":[63],"class_list":["post-7930","post","type-post","status-publish","format-standard","hentry","category-nota-de-prensa","tag-nota-de-premsa"],"yoast_head":"<!-- This site is optimized with the Yoast SEO plugin v26.1.1 - https:\/\/yoast.com\/wordpress\/plugins\/seo\/ -->\n<title>La cadira buida: afrontar las fiestas de Navidad | Suport al dol<\/title>\n<meta name=\"robots\" content=\"index, follow, max-snippet:-1, max-image-preview:large, max-video-preview:-1\" \/>\n<link rel=\"canonical\" href=\"https:\/\/suportaldol.org\/es\/la-cadira-buida-una-charla-para-afrontar-la-navidad-cuando-estas-en-luto\/\" \/>\n<meta property=\"og:locale\" content=\"es_ES\" \/>\n<meta property=\"og:type\" content=\"article\" \/>\n<meta property=\"og:title\" content=\"La cadira buida: afrontar las fiestas de Navidad | Suport al dol\" \/>\n<meta property=\"og:description\" content=\"Durante estas fechas la mayor\u00eda de personas en luto lo pasa muy mal: se sienten m\u00e1s tristes, a\u00f1oradas, m\u00e1s cansadas, incluso. Por eso ofrecemos esta charla en Lleida, Guissona, T\u00e0rrega, Mollerussa y Tremp. La Cadira Buida nos propone un encuentro que tiene por objetivo apoyar socialmente a personas que est\u00e1n viviendo la p\u00e9rdida por la [&hellip;]\" \/>\n<meta property=\"og:url\" content=\"https:\/\/suportaldol.org\/es\/la-cadira-buida-una-charla-para-afrontar-la-navidad-cuando-estas-en-luto\/\" \/>\n<meta property=\"og:site_name\" content=\"Suport al dol\" \/>\n<meta property=\"article:publisher\" content=\"https:\/\/www.facebook.com\/suportaldol\/?locale=ca_ES\" \/>\n<meta property=\"article:published_time\" content=\"2025-11-26T09:36:12+00:00\" \/>\n<meta property=\"og:image\" content=\"https:\/\/suportaldol.org\/wp-content\/uploads\/2025\/10\/general-1.png\" \/>\n\t<meta property=\"og:image:width\" content=\"1080\" \/>\n\t<meta property=\"og:image:height\" content=\"1350\" \/>\n\t<meta property=\"og:image:type\" content=\"image\/png\" \/>\n<meta name=\"author\" content=\"admin\" \/>\n<meta name=\"twitter:card\" content=\"summary_large_image\" \/>\n<meta name=\"twitter:creator\" content=\"@suportaldol\" \/>\n<meta name=\"twitter:site\" content=\"@suportaldol\" \/>\n<meta name=\"twitter:label1\" content=\"Escrito por\" \/>\n\t<meta name=\"twitter:data1\" content=\"admin\" \/>\n\t<meta name=\"twitter:label2\" content=\"Tiempo de lectura\" \/>\n\t<meta name=\"twitter:data2\" content=\"1 minuto\" \/>\n<script type=\"application\/ld+json\" class=\"yoast-schema-graph\">{\"@context\":\"https:\/\/schema.org\",\"@graph\":[{\"@type\":\"Article\",\"@id\":\"https:\/\/suportaldol.org\/es\/la-cadira-buida-una-charla-para-afrontar-la-navidad-cuando-estas-en-luto\/#article\",\"isPartOf\":{\"@id\":\"https:\/\/suportaldol.org\/es\/la-cadira-buida-una-charla-para-afrontar-la-navidad-cuando-estas-en-luto\/\"},\"author\":{\"name\":\"admin\",\"@id\":\"https:\/\/suportaldol.org\/#\/schema\/person\/5a8c2047b865948f538b7bc992cb4611\"},\"headline\":\"\u201cLa Cadira Buida\u201d, una charla para afrontar la Navidad cuando est\u00e1s en luto\",\"datePublished\":\"2025-11-26T09:36:12+00:00\",\"mainEntityOfPage\":{\"@id\":\"https:\/\/suportaldol.org\/es\/la-cadira-buida-una-charla-para-afrontar-la-navidad-cuando-estas-en-luto\/\"},\"wordCount\":310,\"commentCount\":0,\"publisher\":{\"@id\":\"https:\/\/suportaldol.org\/#organization\"},\"image\":{\"@id\":\"https:\/\/suportaldol.org\/es\/la-cadira-buida-una-charla-para-afrontar-la-navidad-cuando-estas-en-luto\/#primaryimage\"},\"thumbnailUrl\":\"https:\/\/suportaldol.org\/wp-content\/uploads\/2025\/10\/general-1-819x1024.png\",\"keywords\":[\"Nota de Premsa\"],\"articleSection\":[\"Nota de Prensa\"],\"inLanguage\":\"es\",\"potentialAction\":[{\"@type\":\"CommentAction\",\"name\":\"Comment\",\"target\":[\"https:\/\/suportaldol.org\/es\/la-cadira-buida-una-charla-para-afrontar-la-navidad-cuando-estas-en-luto\/#respond\"]}]},{\"@type\":\"WebPage\",\"@id\":\"https:\/\/suportaldol.org\/es\/la-cadira-buida-una-charla-para-afrontar-la-navidad-cuando-estas-en-luto\/\",\"url\":\"https:\/\/suportaldol.org\/es\/la-cadira-buida-una-charla-para-afrontar-la-navidad-cuando-estas-en-luto\/\",\"name\":\"La cadira buida: afrontar las fiestas de Navidad | Suport al dol\",\"isPartOf\":{\"@id\":\"https:\/\/suportaldol.org\/#website\"},\"primaryImageOfPage\":{\"@id\":\"https:\/\/suportaldol.org\/es\/la-cadira-buida-una-charla-para-afrontar-la-navidad-cuando-estas-en-luto\/#primaryimage\"},\"image\":{\"@id\":\"https:\/\/suportaldol.org\/es\/la-cadira-buida-una-charla-para-afrontar-la-navidad-cuando-estas-en-luto\/#primaryimage\"},\"thumbnailUrl\":\"https:\/\/suportaldol.org\/wp-content\/uploads\/2025\/10\/general-1-819x1024.png\",\"datePublished\":\"2025-11-26T09:36:12+00:00\",\"breadcrumb\":{\"@id\":\"https:\/\/suportaldol.org\/es\/la-cadira-buida-una-charla-para-afrontar-la-navidad-cuando-estas-en-luto\/#breadcrumb\"},\"inLanguage\":\"es\",\"potentialAction\":[{\"@type\":\"ReadAction\",\"target\":[\"https:\/\/suportaldol.org\/es\/la-cadira-buida-una-charla-para-afrontar-la-navidad-cuando-estas-en-luto\/\"]}]},{\"@type\":\"ImageObject\",\"inLanguage\":\"es\",\"@id\":\"https:\/\/suportaldol.org\/es\/la-cadira-buida-una-charla-para-afrontar-la-navidad-cuando-estas-en-luto\/#primaryimage\",\"url\":\"https:\/\/suportaldol.org\/wp-content\/uploads\/2025\/10\/general-1-819x1024.png\",\"contentUrl\":\"https:\/\/suportaldol.org\/wp-content\/uploads\/2025\/10\/general-1-819x1024.png\"},{\"@type\":\"BreadcrumbList\",\"@id\":\"https:\/\/suportaldol.org\/es\/la-cadira-buida-una-charla-para-afrontar-la-navidad-cuando-estas-en-luto\/#breadcrumb\",\"itemListElement\":[{\"@type\":\"ListItem\",\"position\":1,\"name\":\"Portada\",\"item\":\"https:\/\/suportaldol.org\/\"},{\"@type\":\"ListItem\",\"position\":2,\"name\":\"\u201cLa Cadira Buida\u201d, una charla para afrontar la Navidad cuando est\u00e1s en luto\"}]},{\"@type\":\"WebSite\",\"@id\":\"https:\/\/suportaldol.org\/#website\",\"url\":\"https:\/\/suportaldol.org\/\",\"name\":\"Suport al Dol\",\"description\":\"\",\"publisher\":{\"@id\":\"https:\/\/suportaldol.org\/#organization\"},\"alternateName\":\"Suport al Dol de Ponent\",\"potentialAction\":[{\"@type\":\"SearchAction\",\"target\":{\"@type\":\"EntryPoint\",\"urlTemplate\":\"https:\/\/suportaldol.org\/?s={search_term_string}\"},\"query-input\":{\"@type\":\"PropertyValueSpecification\",\"valueRequired\":true,\"valueName\":\"search_term_string\"}}],\"inLanguage\":\"es\"},{\"@type\":\"Organization\",\"@id\":\"https:\/\/suportaldol.org\/#organization\",\"name\":\"Suport al Dol\",\"url\":\"https:\/\/suportaldol.org\/\",\"logo\":{\"@type\":\"ImageObject\",\"inLanguage\":\"es\",\"@id\":\"https:\/\/suportaldol.org\/#\/schema\/logo\/image\/\",\"url\":\"https:\/\/suportaldol.org\/wp-content\/uploads\/2024\/11\/logo-2015-PNG2.webp\",\"contentUrl\":\"https:\/\/suportaldol.org\/wp-content\/uploads\/2024\/11\/logo-2015-PNG2.webp\",\"width\":450,\"height\":160,\"caption\":\"Suport al Dol\"},\"image\":{\"@id\":\"https:\/\/suportaldol.org\/#\/schema\/logo\/image\/\"},\"sameAs\":[\"https:\/\/www.facebook.com\/suportaldol\/?locale=ca_ES\",\"https:\/\/x.com\/suportaldol\",\"https:\/\/www.instagram.com\/suportaldol\"]},{\"@type\":\"Person\",\"@id\":\"https:\/\/suportaldol.org\/#\/schema\/person\/5a8c2047b865948f538b7bc992cb4611\",\"name\":\"admin\",\"image\":{\"@type\":\"ImageObject\",\"inLanguage\":\"es\",\"@id\":\"https:\/\/suportaldol.org\/#\/schema\/person\/image\/\",\"url\":\"https:\/\/secure.gravatar.com\/avatar\/fc6bd3e172dd02cec56714a53821d3d13f45b15bbc1021c6f191b2c291227e7e?s=96&d=mm&r=g\",\"contentUrl\":\"https:\/\/secure.gravatar.com\/avatar\/fc6bd3e172dd02cec56714a53821d3d13f45b15bbc1021c6f191b2c291227e7e?s=96&d=mm&r=g\",\"caption\":\"admin\"},\"sameAs\":[\"https:\/\/suportaldol.org\"],\"url\":\"https:\/\/suportaldol.org\/es\/author\/einesrp\/\"}]}<\/script>\n<!-- \/ Yoast SEO plugin. -->","yoast_head_json":{"title":"La cadira buida: afrontar las fiestas de Navidad | Suport al dol","robots":{"index":"index","follow":"follow","max-snippet":"max-snippet:-1","max-image-preview":"max-image-preview:large","max-video-preview":"max-video-preview:-1"},"canonical":"https:\/\/suportaldol.org\/es\/la-cadira-buida-una-charla-para-afrontar-la-navidad-cuando-estas-en-luto\/","og_locale":"es_ES","og_type":"article","og_title":"La cadira buida: afrontar las fiestas de Navidad | Suport al dol","og_description":"Durante estas fechas la mayor\u00eda de personas en luto lo pasa muy mal: se sienten m\u00e1s tristes, a\u00f1oradas, m\u00e1s cansadas, incluso. Por eso ofrecemos esta charla en Lleida, Guissona, T\u00e0rrega, Mollerussa y Tremp. La Cadira Buida nos propone un encuentro que tiene por objetivo apoyar socialmente a personas que est\u00e1n viviendo la p\u00e9rdida por la [&hellip;]","og_url":"https:\/\/suportaldol.org\/es\/la-cadira-buida-una-charla-para-afrontar-la-navidad-cuando-estas-en-luto\/","og_site_name":"Suport al dol","article_publisher":"https:\/\/www.facebook.com\/suportaldol\/?locale=ca_ES","article_published_time":"2025-11-26T09:36:12+00:00","og_image":[{"width":1080,"height":1350,"url":"https:\/\/suportaldol.org\/wp-content\/uploads\/2025\/10\/general-1.png","type":"image\/png"}],"author":"admin","twitter_card":"summary_large_image","twitter_creator":"@suportaldol","twitter_site":"@suportaldol","twitter_misc":{"Escrito por":"admin","Tiempo de lectura":"1 minuto"},"schema":{"@context":"https:\/\/schema.org","@graph":[{"@type":"Article","@id":"https:\/\/suportaldol.org\/es\/la-cadira-buida-una-charla-para-afrontar-la-navidad-cuando-estas-en-luto\/#article","isPartOf":{"@id":"https:\/\/suportaldol.org\/es\/la-cadira-buida-una-charla-para-afrontar-la-navidad-cuando-estas-en-luto\/"},"author":{"name":"admin","@id":"https:\/\/suportaldol.org\/#\/schema\/person\/5a8c2047b865948f538b7bc992cb4611"},"headline":"\u201cLa Cadira Buida\u201d, una charla para afrontar la Navidad cuando est\u00e1s en luto","datePublished":"2025-11-26T09:36:12+00:00","mainEntityOfPage":{"@id":"https:\/\/suportaldol.org\/es\/la-cadira-buida-una-charla-para-afrontar-la-navidad-cuando-estas-en-luto\/"},"wordCount":310,"commentCount":0,"publisher":{"@id":"https:\/\/suportaldol.org\/#organization"},"image":{"@id":"https:\/\/suportaldol.org\/es\/la-cadira-buida-una-charla-para-afrontar-la-navidad-cuando-estas-en-luto\/#primaryimage"},"thumbnailUrl":"https:\/\/suportaldol.org\/wp-content\/uploads\/2025\/10\/general-1-819x1024.png","keywords":["Nota de Premsa"],"articleSection":["Nota de Prensa"],"inLanguage":"es","potentialAction":[{"@type":"CommentAction","name":"Comment","target":["https:\/\/suportaldol.org\/es\/la-cadira-buida-una-charla-para-afrontar-la-navidad-cuando-estas-en-luto\/#respond"]}]},{"@type":"WebPage","@id":"https:\/\/suportaldol.org\/es\/la-cadira-buida-una-charla-para-afrontar-la-navidad-cuando-estas-en-luto\/","url":"https:\/\/suportaldol.org\/es\/la-cadira-buida-una-charla-para-afrontar-la-navidad-cuando-estas-en-luto\/","name":"La cadira buida: afrontar las fiestas de Navidad | Suport al dol","isPartOf":{"@id":"https:\/\/suportaldol.org\/#website"},"primaryImageOfPage":{"@id":"https:\/\/suportaldol.org\/es\/la-cadira-buida-una-charla-para-afrontar-la-navidad-cuando-estas-en-luto\/#primaryimage"},"image":{"@id":"https:\/\/suportaldol.org\/es\/la-cadira-buida-una-charla-para-afrontar-la-navidad-cuando-estas-en-luto\/#primaryimage"},"thumbnailUrl":"https:\/\/suportaldol.org\/wp-content\/uploads\/2025\/10\/general-1-819x1024.png","datePublished":"2025-11-26T09:36:12+00:00","breadcrumb":{"@id":"https:\/\/suportaldol.org\/es\/la-cadira-buida-una-charla-para-afrontar-la-navidad-cuando-estas-en-luto\/#breadcrumb"},"inLanguage":"es","potentialAction":[{"@type":"ReadAction","target":["https:\/\/suportaldol.org\/es\/la-cadira-buida-una-charla-para-afrontar-la-navidad-cuando-estas-en-luto\/"]}]},{"@type":"ImageObject","inLanguage":"es","@id":"https:\/\/suportaldol.org\/es\/la-cadira-buida-una-charla-para-afrontar-la-navidad-cuando-estas-en-luto\/#primaryimage","url":"https:\/\/suportaldol.org\/wp-content\/uploads\/2025\/10\/general-1-819x1024.png","contentUrl":"https:\/\/suportaldol.org\/wp-content\/uploads\/2025\/10\/general-1-819x1024.png"},{"@type":"BreadcrumbList","@id":"https:\/\/suportaldol.org\/es\/la-cadira-buida-una-charla-para-afrontar-la-navidad-cuando-estas-en-luto\/#breadcrumb","itemListElement":[{"@type":"ListItem","position":1,"name":"Portada","item":"https:\/\/suportaldol.org\/"},{"@type":"ListItem","position":2,"name":"\u201cLa Cadira Buida\u201d, una charla para afrontar la Navidad cuando est\u00e1s en luto"}]},{"@type":"WebSite","@id":"https:\/\/suportaldol.org\/#website","url":"https:\/\/suportaldol.org\/","name":"Suport al Dol","description":"","publisher":{"@id":"https:\/\/suportaldol.org\/#organization"},"alternateName":"Suport al Dol de Ponent","potentialAction":[{"@type":"SearchAction","target":{"@type":"EntryPoint","urlTemplate":"https:\/\/suportaldol.org\/?s={search_term_string}"},"query-input":{"@type":"PropertyValueSpecification","valueRequired":true,"valueName":"search_term_string"}}],"inLanguage":"es"},{"@type":"Organization","@id":"https:\/\/suportaldol.org\/#organization","name":"Suport al Dol","url":"https:\/\/suportaldol.org\/","logo":{"@type":"ImageObject","inLanguage":"es","@id":"https:\/\/suportaldol.org\/#\/schema\/logo\/image\/","url":"https:\/\/suportaldol.org\/wp-content\/uploads\/2024\/11\/logo-2015-PNG2.webp","contentUrl":"https:\/\/suportaldol.org\/wp-content\/uploads\/2024\/11\/logo-2015-PNG2.webp","width":450,"height":160,"caption":"Suport al Dol"},"image":{"@id":"https:\/\/suportaldol.org\/#\/schema\/logo\/image\/"},"sameAs":["https:\/\/www.facebook.com\/suportaldol\/?locale=ca_ES","https:\/\/x.com\/suportaldol","https:\/\/www.instagram.com\/suportaldol"]},{"@type":"Person","@id":"https:\/\/suportaldol.org\/#\/schema\/person\/5a8c2047b865948f538b7bc992cb4611","name":"admin","image":{"@type":"ImageObject","inLanguage":"es","@id":"https:\/\/suportaldol.org\/#\/schema\/person\/image\/","url":"https:\/\/secure.gravatar.com\/avatar\/fc6bd3e172dd02cec56714a53821d3d13f45b15bbc1021c6f191b2c291227e7e?s=96&d=mm&r=g","contentUrl":"https:\/\/secure.gravatar.com\/avatar\/fc6bd3e172dd02cec56714a53821d3d13f45b15bbc1021c6f191b2c291227e7e?s=96&d=mm&r=g","caption":"admin"},"sameAs":["https:\/\/suportaldol.org"],"url":"https:\/\/suportaldol.org\/es\/author\/einesrp\/"}]}},"_links":{"self":[{"href":"https:\/\/suportaldol.org\/es\/wp-json\/wp\/v2\/posts\/7930","targetHints":{"allow":["GET"]}}],"collection":[{"href":"https:\/\/suportaldol.org\/es\/wp-json\/wp\/v2\/posts"}],"about":[{"href":"https:\/\/suportaldol.org\/es\/wp-json\/wp\/v2\/types\/post"}],"author":[{"embeddable":true,"href":"https:\/\/suportaldol.org\/es\/wp-json\/wp\/v2\/users\/1"}],"replies":[{"embeddable":true,"href":"https:\/\/suportaldol.org\/es\/wp-json\/wp\/v2\/comments?post=7930"}],"version-history":[{"count":0,"href":"https:\/\/suportaldol.org\/es\/wp-json\/wp\/v2\/posts\/7930\/revisions"}],"wp:attachment":[{"href":"https:\/\/suportaldol.org\/es\/wp-json\/wp\/v2\/media?parent=7930"}],"wp:term":[{"taxonomy":"category","embeddable":true,"href":"https:\/\/suportaldol.org\/es\/wp-json\/wp\/v2\/categories?post=7930"},{"taxonomy":"post_tag","embeddable":true,"href":"https:\/\/suportaldol.org\/es\/wp-json\/wp\/v2\/tags?post=7930"}],"curies":[{"name":"wp","href":"https:\/\/api.w.org\/{rel}","templated":true}]}}